{"id":65609,"date":"2018-09-22T08:53:16","date_gmt":"2018-09-22T11:53:16","guid":{"rendered":"http:\/\/www.caririemacao.com\/1\/?p=65609"},"modified":"2018-09-22T08:53:16","modified_gmt":"2018-09-22T11:53:16","slug":"governo-conclui-anel-do-cariri-e-entrega-trecho-que-liga-sao-domingos-do-cariri-a-caraubas","status":"publish","type":"post","link":"https:\/\/www.caririemacao.com\/1\/2018\/09\/22\/governo-conclui-anel-do-cariri-e-entrega-trecho-que-liga-sao-domingos-do-cariri-a-caraubas\/","title":{"rendered":"Governo conclui Anel do Cariri e entrega trecho que liga S\u00e3o Domingos do Cariri a Cara\u00fabas"},"content":{"rendered":"<p><a class=\"single-image-gallery\" href=\"http:\/\/www.blogdogordinho.com.br\/governo-conclui-anel-do-cariri-e-entrega-trecho-que-liga-sao-domingos-do-cariri-a-caraubas\/caraubas8\/\" rel=\"attachment wp-att-179762\"><img fetchpriority=\"high\" decoding=\"async\" class=\"alignleft size-large wp-image-179762\" src=\"https:\/\/i1.wp.com\/www.blogdogordinho.com.br\/site\/wp-content\/uploads\/2018\/09\/CARAUBAS8.jpg?resize=1024%2C602\" sizes=\"(max-width: 1000px) 100vw, 1000px\" srcset=\"https:\/\/i1.wp.com\/www.blogdogordinho.com.br\/site\/wp-content\/uploads\/2018\/09\/CARAUBAS8.jpg?resize=1024%2C602 1024w, https:\/\/i1.wp.com\/www.blogdogordinho.com.br\/site\/wp-content\/uploads\/2018\/09\/CARAUBAS8.jpg?resize=300%2C176 300w, https:\/\/i1.wp.com\/www.blogdogordinho.com.br\/site\/wp-content\/uploads\/2018\/09\/CARAUBAS8.jpg?resize=768%2C452 768w, https:\/\/i1.wp.com\/www.blogdogordinho.com.br\/site\/wp-content\/uploads\/2018\/09\/CARAUBAS8.jpg?w=2000 2000w\" alt=\"\" width=\"330\" height=\"194\" data-attachment-id=\"179762\" data-permalink=\"http:\/\/www.blogdogordinho.com.br\/governo-conclui-anel-do-cariri-e-entrega-trecho-que-liga-sao-domingos-do-cariri-a-caraubas\/caraubas8\/\" data-orig-file=\"https:\/\/i1.wp.com\/www.blogdogordinho.com.br\/site\/wp-content\/uploads\/2018\/09\/CARAUBAS8.jpg?fit=2008%2C1181\" data-orig-size=\"2008,1181\" data-comments-opened=\"1\" data-image-meta=\"{&quot;aperture&quot;:&quot;6.3&quot;,&quot;credit&quot;:&quot;&quot;,&quot;camera&quot;:&quot;Canon EOS 60D&quot;,&quot;caption&quot;:&quot;&quot;,&quot;created_timestamp&quot;:&quot;1537545196&quot;,&quot;copyright&quot;:&quot;&quot;,&quot;focal_length&quot;:&quot;18&quot;,&quot;iso&quot;:&quot;100&quot;,&quot;shutter_speed&quot;:&quot;0.002&quot;,&quot;title&quot;:&quot;&quot;,&quot;orientation&quot;:&quot;1&quot;}\" data-image-title=\"CARAUBAS8 \u2013 PB-186 \u2013 rodovia\" data-image-description=\"\" data-medium-file=\"https:\/\/i1.wp.com\/www.blogdogordinho.com.br\/site\/wp-content\/uploads\/2018\/09\/CARAUBAS8.jpg?fit=300%2C176\" data-large-file=\"https:\/\/i1.wp.com\/www.blogdogordinho.com.br\/site\/wp-content\/uploads\/2018\/09\/CARAUBAS8.jpg?fit=1024%2C602\" \/><\/a>O Anel do Cariri, maior obra rodovi\u00e1ria do Programa Caminhos da Para\u00edba, foi conclu\u00eddo oficialmente nesta sexta-feira (21) com a entrega da pavimenta\u00e7\u00e3o do trecho da rodovia PB-186, ligando S\u00e3o Domingos do Cariri a Cara\u00fabas. O trecho possui 13 km de extens\u00e3o e representa R$ 19 milh\u00f5es de investimento. J\u00e1 o Anel do Cariri tem uma extens\u00e3o total de 213,7 km e investimento de R$ 146,9 milh\u00f5es. O governador Ricardo Coutinho, prefeitos e auxiliares do Governo participaram da solenidade em Cara\u00fabas.<\/p>\n<p>Na ocasi\u00e3o, o governador ressaltou a import\u00e2ncia das estradas para o desenvolvimento das regi\u00f5es e afirmou que, nos \u00faltimos anos, o Anel do Cariri vem proporcionando mais qualidade de vida para a popula\u00e7\u00e3o. \u201c\u00c9 uma satisfa\u00e7\u00e3o enorme concluir essa obra t\u00e3o essencial para o Cariri. Hoje podemos perceber como a vida do povo dessa regi\u00e3o evoluiu. Com as estradas, os produtores podem escoar seus produtos com mais rapidez, as pessoas podem ser socorridas com mais seguran\u00e7a, enfim, cada estrada do Anel do Cariri trouxe sua contribui\u00e7\u00e3o para a sociedade\u201d, frisou Ricardo Coutinho.<\/p>\n<p>Para o superintendente do Departamento de Estradas de Rodagem (DER), Carlos Pereira, o Anel do Cariri \u00e9 uma obra emblem\u00e1tica que interliga toda a regi\u00e3o e d\u00e1 mais dignidade aos moradores. \u201cEsse \u00e9 o \u00faltimo trecho do Anel que liga de Zabel\u00ea at\u00e9 Queimadas. O Anel do Cariri tem 213 quil\u00f4metros que servem para melhorar a realidade social. Essa \u00e9 a estrada de n\u00famero 168 desta gest\u00e3o que tamb\u00e9m tirou todas as cidades do isolamento asf\u00e1ltico\u201d, lembrou.<\/p>\n<p>\u201cAntes das estradas, tudo era mais dif\u00edcil no Cariri. Para levar um doente para os hospitais era complicado, j\u00e1 os estudantes que iam \u00e0 universidade em Campina Grande tamb\u00e9m tinham dificuldade, principalmente em dias de chuva por causa da lama e buracos. Hoje temos dois acessos asfaltados, trazendo mais desenvolvimento para o munic\u00edpio\u201d, ressaltou o prefeito de Cara\u00fabas, Jos\u00e9 Silvano, conhecido como Silvano Dudu.<\/p>\n<p>A dona de casa Tereza Cristina recordou que antigamente para sair de Cara\u00fabas demorava muito, porque n\u00e3o havia estradas asfaltadas. \u201cO caminho para outras cidades era de barro, uma poeira grande e quando chovia ficava cheio de lama. Quando chegou o asfalto foi uma maravilha. Hoje podemos ir e voltar de outras cidades com seguran\u00e7a, tranquilidade e rapidez\u201d, comentou.<\/p>\n<p>Anel do Cariri \u2013 A obra completa \u00e9 composta pela pavimenta\u00e7\u00e3o das rodovias: PB-264 \u2013 Zabel\u00ea\/S\u00e3o Sebasti\u00e3o do Umbuzeiro (13,2); PB-240 \u2013 S\u00e3o Sebasti\u00e3o do Umbuzeiro\/S\u00e3o Jo\u00e3o do Tigre (22 km); PB-224 \u2013 S\u00e3o Jo\u00e3o do Tigre\/Camala\u00fa (25 km); PB-196 \u2013 Camala\u00fa\/Congo (24 km); PB-196 \u2013 Congo\/Cara\u00fabas (22 km); PB-186 \u2013 Cara\u00fabas\/S\u00e3o Domingos do Cariri (13km); PB-186 \u2013 S\u00e3o Domingos do Cariri\/Cabaceiras (24,5 km; PB-214 \u2013 Congo\/Divisa da Para\u00edba com Pernambuco (17 km) e a PB-148 \u2013 Cabaceiras\/Boqueir\u00e3o\/Queimadas (53 km), beneficiada com obra de restaura\u00e7\u00e3o e refor\u00e7o estrutural e sinaliza\u00e7\u00e3o.<\/p>\n<p>Munic\u00edpios beneficiados \u2013 A constru\u00e7\u00e3o do Anel do Cariri foi dividida em tr\u00eas lotes, contemplando os munic\u00edpios de Zabel\u00ea, S\u00e3o Sebasti\u00e3o do Umbuzeiro, S\u00e3o Jo\u00e3o do Tigre, Camala\u00fa, Congo, Cara\u00fabas, S\u00e3o Domingos do Cariri, Monteiro, Cabaceiras, Boqueir\u00e3o e Queimadas, todos da regi\u00e3o do Cariri. A obra tirou do isolamento com rodovias asfaltadas as cidades de S\u00e3o Domingos do Cariri, Cara\u00fabas, Congo, Camala\u00fa, S\u00e3o Jo\u00e3o do Tigre e S\u00e3o Sebasti\u00e3o do Umbuzeiro.<\/p>\n<p>Blog do Gordinho<\/p>\n<p>Cariri em A\u00e7\u00e3o<\/p>\n<p>Leia mais not\u00edcias em\u00a0<a href=\"http:\/\/www.caririemacao.com\/\">caririemacao.com<\/a>, siga nossa p\u00e1gina no\u00a0<a href=\"https:\/\/www.facebook.com\/CaririEmAcao\/?ref=aymt_homepage_panel\">Facebook<\/a>,\u00a0<a href=\"https:\/\/www.instagram.com\/cariri_em_acao\/?hl=pt-br\">Instagram<\/a>\u00a0e\u00a0<a href=\"https:\/\/www.youtube.com\/channel\/UCAptA0jQuYQy8vMhLt2m4qg\">Youtube<\/a>\u00a0e veja nossas mat\u00e9rias, v\u00eddeos e fotos. Voc\u00ea tamb\u00e9m pode enviar informa\u00e7\u00f5es \u00e0 Reda\u00e7\u00e3o do Portal Cariri em A\u00e7\u00e3o pelo WhatsApp (83) 9 9634.5791, (83) 9 9601-1162.<\/p>\n","protected":false},"excerpt":{"rendered":"<p>O Anel do Cariri, maior obra rodovi\u00e1ria do Programa Caminhos da Para\u00edba, foi conclu\u00eddo oficialmente nesta sexta-feira (21) com a entrega da pavimenta\u00e7\u00e3o do trecho&hellip; <\/p>\n","protected":false},"author":1,"featured_media":65610,"comment_status":"closed","ping_status":"closed","sticky":false,"template":"","format":"standard","meta":{"sfsi_plus_gutenberg_text_before_share":"","sfsi_plus_gutenberg_show_text_before_share":"","sfsi_plus_gutenberg_icon_type":"","sfsi_plus_gutenberg_icon_alignemt":"","sfsi_plus_gutenburg_max_per_row":"","footnotes":""},"categories":[2],"tags":[],"class_list":["post-65609","post","type-post","status-publish","format-standard","has-post-thumbnail","hentry","category-geral"],"_links":{"self":[{"href":"https:\/\/www.caririemacao.com\/1\/wp-json\/wp\/v2\/posts\/65609","targetHints":{"allow":["GET"]}}],"collection":[{"href":"https:\/\/www.caririemacao.com\/1\/wp-json\/wp\/v2\/posts"}],"about":[{"href":"https:\/\/www.caririemacao.com\/1\/wp-json\/wp\/v2\/types\/post"}],"author":[{"embeddable":true,"href":"https:\/\/www.caririemacao.com\/1\/wp-json\/wp\/v2\/users\/1"}],"replies":[{"embeddable":true,"href":"https:\/\/www.caririemacao.com\/1\/wp-json\/wp\/v2\/comments?post=65609"}],"version-history":[{"count":1,"href":"https:\/\/www.caririemacao.com\/1\/wp-json\/wp\/v2\/posts\/65609\/revisions"}],"predecessor-version":[{"id":65611,"href":"https:\/\/www.caririemacao.com\/1\/wp-json\/wp\/v2\/posts\/65609\/revisions\/65611"}],"wp:featuredmedia":[{"embeddable":true,"href":"https:\/\/www.caririemacao.com\/1\/wp-json\/wp\/v2\/media\/65610"}],"wp:attachment":[{"href":"https:\/\/www.caririemacao.com\/1\/wp-json\/wp\/v2\/media?parent=65609"}],"wp:term":[{"taxonomy":"category","embeddable":true,"href":"https:\/\/www.caririemacao.com\/1\/wp-json\/wp\/v2\/categories?post=65609"},{"taxonomy":"post_tag","embeddable":true,"href":"https:\/\/www.caririemacao.com\/1\/wp-json\/wp\/v2\/tags?post=65609"}],"curies":[{"name":"wp","href":"https:\/\/api.w.org\/{rel}","templated":true}]}}