{"id":65618,"date":"2018-09-22T10:29:55","date_gmt":"2018-09-22T13:29:55","guid":{"rendered":"http:\/\/www.caririemacao.com\/1\/?p=65618"},"modified":"2018-09-22T10:29:55","modified_gmt":"2018-09-22T13:29:55","slug":"tre-inicia-preparacao-das-urnas-para-as-eleicoes-2018-nesta-segunda","status":"publish","type":"post","link":"https:\/\/www.caririemacao.com\/1\/2018\/09\/22\/tre-inicia-preparacao-das-urnas-para-as-eleicoes-2018-nesta-segunda\/","title":{"rendered":"TRE inicia prepara\u00e7\u00e3o das urnas para as Elei\u00e7\u00f5es 2018 nesta segunda"},"content":{"rendered":"<p>O Presidente do Tribunal Regional Eleitoral da Para\u00edba (TRE-PB), Desembargador Romero Marcelo da Fonseca Oliveira, anunciou, ao final da Sess\u00e3o Administrativa desta sexta-feira (21), que o TRE-PB iniciar\u00e1 na pr\u00f3xima segunda-feira (24), a partir das 8h, a prepara\u00e7\u00e3o das\u00a0urnas eletr\u00f4nicas,\u00a0que ser\u00e3o utilizadas nas\u00a0Elei\u00e7\u00f5es 2018.<\/p>\n<p>Esta etapa est\u00e1 sob a responsabilidade da Ju\u00edza Michelini de Oliveira Dantas Jatob\u00e1, Presidente da Comiss\u00e3o de Prepara\u00e7\u00e3o das Urnas. Os trabalhos ser\u00e3o realizados nos N\u00facleos de Voto Informatizados (NVI), antigos NATUs, que funcionam na Capital, Campina Grande, Patos, Pombal e Cajazeiras.<\/p>\n<p>O N\u00facleo de Voto Informatizado de Jo\u00e3o Pessoa est\u00e1 localizado na avenida H\u00edlton Souto Maior, s\/n, no bairro do Jos\u00e9 Am\u00e9rico.<\/p>\n<p>Os procedimentos incluem a\u00a0inser\u00e7\u00e3o dos dados e fotos\u00a0dos 621 candidatos, sendo 13\u00a0\u00a0ao cargo de presidente e seus vices, 05 candidatos a governador e seus vices, 07 a senadores e seus suplentes, 159 a deputados federais e 429 a deputados estaduais. Tamb\u00e9m ser\u00e3o inseridas\u00a0informa\u00e7\u00f5es dos eleitores\u00a0de cada se\u00e7\u00e3o, para onde ir\u00e3o as urnas eletr\u00f4nicas e as m\u00eddias para grava\u00e7\u00e3o dos resultados.<\/p>\n<p>Representantes do Minist\u00e9rio P\u00fablico, de partidos pol\u00edticos e de entidades, como a Ordem dos Advogados do Brasil (OAB), foram convidados para presenciar a carga das urnas. Durante os procedimentos as pessoas presentes podem conferir os dados e acompanhar todas as atividades, para atestar a\u00a0transpar\u00eancia do processo.<\/p>\n<p>O Desembargador Romero Marcelo informou tamb\u00e9m que ser\u00e3o utilizadas 11.609 mil urnas, sendo que 9.946 destinadas \u00e0s se\u00e7\u00f5es eleitorais, 7 para se\u00e7\u00f5es de presos provis\u00f3rios, 2 para se\u00e7\u00f5es de voto em tr\u00e2nsito e 9 para se\u00e7\u00f5es de justificativas, contabilizando 10.027 urnas. O restante (1.582 urnas), figurar\u00e3o como reserva de conting\u00eancia para casos em que houver a necessidade de substitui\u00e7\u00e3o de algum equipamento.<\/p>\n<p>Segundo dados estat\u00edsticos do Tribunal Superior Eleitoral, os paraibanos ter\u00e3o 422 candidatos homens e 199 candidatas mulheres, para todos os cargos em disputa. Apesar de o eleitorado feminino predominar na Para\u00edba com 52,9%, os cargos em disputa s\u00e3o de maioria masculina, com 68%, contra 32% feminino.<\/p>\n<p>&nbsp;<\/p>\n<p><em><strong>Assessoria<\/strong><\/em><\/p>\n","protected":false},"excerpt":{"rendered":"<p>O Presidente do Tribunal Regional Eleitoral da Para\u00edba (TRE-PB), Desembargador Romero Marcelo da Fonseca Oliveira, anunciou, ao final da Sess\u00e3o Administrativa desta sexta-feira (21), que&hellip; <\/p>\n","protected":false},"author":2,"featured_media":65196,"comment_status":"closed","ping_status":"closed","sticky":false,"template":"","format":"standard","meta":{"sfsi_plus_gutenberg_text_before_share":"","sfsi_plus_gutenberg_show_text_before_share":"","sfsi_plus_gutenberg_icon_type":"","sfsi_plus_gutenberg_icon_alignemt":"","sfsi_plus_gutenburg_max_per_row":"","footnotes":""},"categories":[1],"tags":[],"class_list":["post-65618","post","type-post","status-publish","format-standard","has-post-thumbnail","hentry","category-o-site"],"_links":{"self":[{"href":"https:\/\/www.caririemacao.com\/1\/wp-json\/wp\/v2\/posts\/65618","targetHints":{"allow":["GET"]}}],"collection":[{"href":"https:\/\/www.caririemacao.com\/1\/wp-json\/wp\/v2\/posts"}],"about":[{"href":"https:\/\/www.caririemacao.com\/1\/wp-json\/wp\/v2\/types\/post"}],"author":[{"embeddable":true,"href":"https:\/\/www.caririemacao.com\/1\/wp-json\/wp\/v2\/users\/2"}],"replies":[{"embeddable":true,"href":"https:\/\/www.caririemacao.com\/1\/wp-json\/wp\/v2\/comments?post=65618"}],"version-history":[{"count":1,"href":"https:\/\/www.caririemacao.com\/1\/wp-json\/wp\/v2\/posts\/65618\/revisions"}],"predecessor-version":[{"id":65619,"href":"https:\/\/www.caririemacao.com\/1\/wp-json\/wp\/v2\/posts\/65618\/revisions\/65619"}],"wp:featuredmedia":[{"embeddable":true,"href":"https:\/\/www.caririemacao.com\/1\/wp-json\/wp\/v2\/media\/65196"}],"wp:attachment":[{"href":"https:\/\/www.caririemacao.com\/1\/wp-json\/wp\/v2\/media?parent=65618"}],"wp:term":[{"taxonomy":"category","embeddable":true,"href":"https:\/\/www.caririemacao.com\/1\/wp-json\/wp\/v2\/categories?post=65618"},{"taxonomy":"post_tag","embeddable":true,"href":"https:\/\/www.caririemacao.com\/1\/wp-json\/wp\/v2\/tags?post=65618"}],"curies":[{"name":"wp","href":"https:\/\/api.w.org\/{rel}","templated":true}]}}