{"id":65620,"date":"2018-09-22T10:33:22","date_gmt":"2018-09-22T13:33:22","guid":{"rendered":"http:\/\/www.caririemacao.com\/1\/?p=65620"},"modified":"2018-09-22T10:33:22","modified_gmt":"2018-09-22T13:33:22","slug":"mega-sena-acumula-e-pagara-r-22-milhoes-neste-sabado","status":"publish","type":"post","link":"https:\/\/www.caririemacao.com\/1\/2018\/09\/22\/mega-sena-acumula-e-pagara-r-22-milhoes-neste-sabado\/","title":{"rendered":"Mega-Sena acumula e pagar\u00e1 R$ 22 milh\u00f5es neste s\u00e1bado"},"content":{"rendered":"<p>Ningu\u00e9m acertou as seis dezenas do\u00a0concurso 2080\u00a0da\u00a0Mega-Sena, sorteado na noite desta quinta-feira\u00a0(20) na cidade de\u00a0Oliveira, em\u00a0Minas Gerais. O pr\u00eamio, que era de\u00a0R$ 17\u00a0milh\u00f5es, acumulou e agora pode pagar\u00a0R$ 22\u00a0milh\u00f5es\u00a0no pr\u00f3ximo sorteio, no\u00a0s\u00e1bado (22\u00a0de setembro).<\/p>\n<p>Segundo a\u00a0Caixa Econ\u00f4mica Federal, 38\u00a0apostas acertaram a quina e levar\u00e3o\u00a0R$ 43.325,46\u00a0cada uma. J\u00e1 a quadra teve 2.892\u00a0apostas ganhadoras, que receber\u00e3o\u00a0R$ 813,26\u00a0cada um. A arrecada\u00e7\u00e3o total foi\u00a0de mais de\u00a0R$ 28\u00a0milh\u00f5es.<\/p>\n<p>O \u00faltimo pr\u00eamio da\u00a0Mega-Sena\u00a0com ganhador foi o sorteio de 12 de setembro, quando\u00a0um apostador\u00a0levou sozinho o pr\u00eamio de\u00a0R$ 27,7\u00a0milh\u00f5es.<\/p>\n<p>Quem pretende levar os\u00a0R$ 22\u00a0milh\u00f5es\u00a0no pr\u00f3ximo concurso pode fazer as apostas at\u00e9 as 19h (de Bras\u00edlia) do dia do sorteio em\u00a0qualquer lot\u00e9rica do Pa\u00eds. A aposta m\u00ednima, de 6 n\u00fameros, custa\u00a0R$ 3,50. Quanto mais n\u00fameros marcar, maior o pre\u00e7o da aposta e\u00a0maiores as chances\u00a0de faturar o\u00a0pr\u00eamio mais cobi\u00e7ado do Brasil.<\/p>\n<p>&nbsp;<\/p>\n<p><em><strong>Terra<\/strong><\/em><\/p>\n<p>&nbsp;<\/p>\n","protected":false},"excerpt":{"rendered":"<p>Ningu\u00e9m acertou as seis dezenas do\u00a0concurso 2080\u00a0da\u00a0Mega-Sena, sorteado na noite desta quinta-feira\u00a0(20) na cidade de\u00a0Oliveira, em\u00a0Minas Gerais. O pr\u00eamio, que era de\u00a0R$ 17\u00a0milh\u00f5es, acumulou e&hellip; <\/p>\n","protected":false},"author":2,"featured_media":8191,"comment_status":"closed","ping_status":"closed","sticky":false,"template":"","format":"standard","meta":{"sfsi_plus_gutenberg_text_before_share":"","sfsi_plus_gutenberg_show_text_before_share":"","sfsi_plus_gutenberg_icon_type":"","sfsi_plus_gutenberg_icon_alignemt":"","sfsi_plus_gutenburg_max_per_row":"","footnotes":""},"categories":[2],"tags":[],"class_list":["post-65620","post","type-post","status-publish","format-standard","has-post-thumbnail","hentry","category-geral"],"_links":{"self":[{"href":"https:\/\/www.caririemacao.com\/1\/wp-json\/wp\/v2\/posts\/65620","targetHints":{"allow":["GET"]}}],"collection":[{"href":"https:\/\/www.caririemacao.com\/1\/wp-json\/wp\/v2\/posts"}],"about":[{"href":"https:\/\/www.caririemacao.com\/1\/wp-json\/wp\/v2\/types\/post"}],"author":[{"embeddable":true,"href":"https:\/\/www.caririemacao.com\/1\/wp-json\/wp\/v2\/users\/2"}],"replies":[{"embeddable":true,"href":"https:\/\/www.caririemacao.com\/1\/wp-json\/wp\/v2\/comments?post=65620"}],"version-history":[{"count":1,"href":"https:\/\/www.caririemacao.com\/1\/wp-json\/wp\/v2\/posts\/65620\/revisions"}],"predecessor-version":[{"id":65621,"href":"https:\/\/www.caririemacao.com\/1\/wp-json\/wp\/v2\/posts\/65620\/revisions\/65621"}],"wp:featuredmedia":[{"embeddable":true,"href":"https:\/\/www.caririemacao.com\/1\/wp-json\/wp\/v2\/media\/8191"}],"wp:attachment":[{"href":"https:\/\/www.caririemacao.com\/1\/wp-json\/wp\/v2\/media?parent=65620"}],"wp:term":[{"taxonomy":"category","embeddable":true,"href":"https:\/\/www.caririemacao.com\/1\/wp-json\/wp\/v2\/categories?post=65620"},{"taxonomy":"post_tag","embeddable":true,"href":"https:\/\/www.caririemacao.com\/1\/wp-json\/wp\/v2\/tags?post=65620"}],"curies":[{"name":"wp","href":"https:\/\/api.w.org\/{rel}","templated":true}]}}