{"id":65623,"date":"2018-09-22T10:41:10","date_gmt":"2018-09-22T13:41:10","guid":{"rendered":"http:\/\/www.caririemacao.com\/1\/?p=65623"},"modified":"2018-09-22T10:41:10","modified_gmt":"2018-09-22T13:41:10","slug":"abertura-da-primavera-vice-de-joao-ligia-comanda-caminhada-em-mangabeira-neste-sabado","status":"publish","type":"post","link":"https:\/\/www.caririemacao.com\/1\/2018\/09\/22\/abertura-da-primavera-vice-de-joao-ligia-comanda-caminhada-em-mangabeira-neste-sabado\/","title":{"rendered":"Abertura da Primavera: vice de Jo\u00e3o, L\u00edgia comanda caminhada em Mangabeira neste s\u00e1bado"},"content":{"rendered":"<div class=\"td-featured-image-rec\">\n<div class=\"td-post-featured-image\">\n<figure><a class=\"td-modal-image\" href=\"https:\/\/paraibaja.com.br\/wp-content\/uploads\/2018\/08\/ligia-feliciano-e1533412815700.jpg?x93099\" data-caption=\"Cr\u00e9dito: Blog do Gordinho\"><img fetchpriority=\"high\" decoding=\"async\" class=\"entry-thumb td-animation-stack-type0-1\" title=\"ligia-feliciano-e1533412815700\" src=\"https:\/\/paraibaja.com.br\/wp-content\/uploads\/2018\/08\/ligia-feliciano-e1533412815700-696x574.jpg?x93099\" sizes=\"(max-width: 696px) 100vw, 696px\" srcset=\"https:\/\/paraibaja.com.br\/wp-content\/uploads\/2018\/08\/ligia-feliciano-e1533412815700-696x574.jpg 696w, https:\/\/paraibaja.com.br\/wp-content\/uploads\/2018\/08\/ligia-feliciano-e1533412815700-300x247.jpg 300w, https:\/\/paraibaja.com.br\/wp-content\/uploads\/2018\/08\/ligia-feliciano-e1533412815700-768x633.jpg 768w, https:\/\/paraibaja.com.br\/wp-content\/uploads\/2018\/08\/ligia-feliciano-e1533412815700-509x420.jpg 509w, https:\/\/paraibaja.com.br\/wp-content\/uploads\/2018\/08\/ligia-feliciano-e1533412815700.jpg 985w\" alt=\"\" width=\"696\" height=\"574\" \/><\/a><figcaption class=\"wp-caption-text\">Cr\u00e9dito: Blog do Gordinho<\/figcaption><\/figure>\n<\/div>\n<\/div>\n<p>A candidata a vice-governadora de Jo\u00e3o Azev\u00eado (PSB), L\u00edgia Feliciano (PDT), comanda neste s\u00e1bado (22), em Jo\u00e3o Pessoa, a Caminhada Girass\u00f3is. A atividade, que percorrer\u00e1 diversas ruas do bairro Mangabeira, marca a chegada da Primavera.<\/p>\n<p>Al\u00e9m de L\u00edgia, a caminhada ter\u00e1 a participa\u00e7\u00e3o de candidatos a deputado estadual e federal da coliga\u00e7\u00e3o A For\u00e7a do Trabalho. A concentra\u00e7\u00e3o ocorre a partir das 8h40, na Pra\u00e7a do Coqueiral.<\/p>\n<p><strong>Servi\u00e7o<\/strong><\/p>\n<p><strong>Girass\u00f3is abrem a Primavera<\/strong><\/p>\n<p>Data: 22 de setembro<\/p>\n<p>Hor\u00e1rio da concentra\u00e7\u00e3o: 8h40<\/p>\n<p>Local: Pra\u00e7a do Coqueiral \u2013 Mangabeira<\/p>\n<div class=\"td-a-rec td-a-rec-id-content_bottom  \">\n<div id=\"paszonecont_77644\" class=\"paszone_container paszone-container-77644   \">\n<div class=\"pasinfotxt above\"><\/div>\n<div id=\"77644\" class=\"wppaszone proadszone-77644 \">\n<div class=\"wppasrotate   proadszoneholder-77644\">\n<div class=\"pasli pasli-82937 \">Para\u00edba J\u00e1<\/div>\n<\/div>\n<\/div>\n<\/div>\n<\/div>\n","protected":false},"excerpt":{"rendered":"<p>Cr\u00e9dito: Blog do Gordinho A candidata a vice-governadora de Jo\u00e3o Azev\u00eado (PSB), L\u00edgia Feliciano (PDT), comanda neste s\u00e1bado (22), em Jo\u00e3o Pessoa, a Caminhada Girass\u00f3is.&hellip; <\/p>\n","protected":false},"author":2,"featured_media":14403,"comment_status":"closed","ping_status":"closed","sticky":false,"template":"","format":"standard","meta":{"sfsi_plus_gutenberg_text_before_share":"","sfsi_plus_gutenberg_show_text_before_share":"","sfsi_plus_gutenberg_icon_type":"","sfsi_plus_gutenberg_icon_alignemt":"","sfsi_plus_gutenburg_max_per_row":"","footnotes":""},"categories":[1],"tags":[],"class_list":["post-65623","post","type-post","status-publish","format-standard","has-post-thumbnail","hentry","category-o-site"],"_links":{"self":[{"href":"https:\/\/www.caririemacao.com\/1\/wp-json\/wp\/v2\/posts\/65623","targetHints":{"allow":["GET"]}}],"collection":[{"href":"https:\/\/www.caririemacao.com\/1\/wp-json\/wp\/v2\/posts"}],"about":[{"href":"https:\/\/www.caririemacao.com\/1\/wp-json\/wp\/v2\/types\/post"}],"author":[{"embeddable":true,"href":"https:\/\/www.caririemacao.com\/1\/wp-json\/wp\/v2\/users\/2"}],"replies":[{"embeddable":true,"href":"https:\/\/www.caririemacao.com\/1\/wp-json\/wp\/v2\/comments?post=65623"}],"version-history":[{"count":1,"href":"https:\/\/www.caririemacao.com\/1\/wp-json\/wp\/v2\/posts\/65623\/revisions"}],"predecessor-version":[{"id":65624,"href":"https:\/\/www.caririemacao.com\/1\/wp-json\/wp\/v2\/posts\/65623\/revisions\/65624"}],"wp:featuredmedia":[{"embeddable":true,"href":"https:\/\/www.caririemacao.com\/1\/wp-json\/wp\/v2\/media\/14403"}],"wp:attachment":[{"href":"https:\/\/www.caririemacao.com\/1\/wp-json\/wp\/v2\/media?parent=65623"}],"wp:term":[{"taxonomy":"category","embeddable":true,"href":"https:\/\/www.caririemacao.com\/1\/wp-json\/wp\/v2\/categories?post=65623"},{"taxonomy":"post_tag","embeddable":true,"href":"https:\/\/www.caririemacao.com\/1\/wp-json\/wp\/v2\/tags?post=65623"}],"curies":[{"name":"wp","href":"https:\/\/api.w.org\/{rel}","templated":true}]}}