{"id":65770,"date":"2018-09-23T11:36:09","date_gmt":"2018-09-23T14:36:09","guid":{"rendered":"http:\/\/www.caririemacao.com\/1\/?p=65770"},"modified":"2018-09-23T11:36:09","modified_gmt":"2018-09-23T14:36:09","slug":"instituto-victor-santos-e-inaugurado-no-cariri","status":"publish","type":"post","link":"https:\/\/www.caririemacao.com\/1\/2018\/09\/23\/instituto-victor-santos-e-inaugurado-no-cariri\/","title":{"rendered":"Instituto Victor Santos \u00e9 inaugurado no Cariri"},"content":{"rendered":"<p>O Centro M\u00e9dico Odontol\u00f3gico \u201cInstituto Victor Santos\u201d\u00a0foi inaugurado na noite deste s\u00e1bado, dia 22, no munic\u00edpio de Prata, no Cariri Paraibano.<\/p>\n<p><img fetchpriority=\"high\" decoding=\"async\" class=\"alignnone wp-image-65779 size-large\" src=\"http:\/\/www.caririemacao.com\/1\/wp-content\/uploads\/2018\/09\/DSC0121-1024x683.jpg\" alt=\"\" width=\"800\" height=\"534\" srcset=\"https:\/\/www.caririemacao.com\/1\/wp-content\/uploads\/2018\/09\/DSC0121.jpg 1024w, https:\/\/www.caririemacao.com\/1\/wp-content\/uploads\/2018\/09\/DSC0121-300x200.jpg 300w, https:\/\/www.caririemacao.com\/1\/wp-content\/uploads\/2018\/09\/DSC0121-768x512.jpg 768w\" sizes=\"(max-width: 800px) 100vw, 800px\" \/><\/p>\n<p>A cerim\u00f4nia de inaugura\u00e7\u00e3o foi bastante prestigiada por familiares, amigos, pacientes, autoridades pol\u00edticas, empres\u00e1rios e v\u00e1rios profissionais de sa\u00fade amigos de Dr. Victor Santos.<\/p>\n<p><img decoding=\"async\" class=\"alignnone wp-image-65776 size-large lazyload\" data-src=\"http:\/\/www.caririemacao.com\/1\/wp-content\/uploads\/2018\/09\/DSC_0309-1024x683.jpg\" alt=\"\" width=\"800\" height=\"534\" data-srcset=\"https:\/\/www.caririemacao.com\/1\/wp-content\/uploads\/2018\/09\/DSC_0309.jpg 1024w, https:\/\/www.caririemacao.com\/1\/wp-content\/uploads\/2018\/09\/DSC_0309-300x200.jpg 300w, https:\/\/www.caririemacao.com\/1\/wp-content\/uploads\/2018\/09\/DSC_0309-768x512.jpg 768w\" data-sizes=\"(max-width: 800px) 100vw, 800px\" src=\"data:image\/svg+xml;base64,PHN2ZyB3aWR0aD0iMSIgaGVpZ2h0PSIxIiB4bWxucz0iaHR0cDovL3d3dy53My5vcmcvMjAwMC9zdmciPjwvc3ZnPg==\" style=\"--smush-placeholder-width: 800px; --smush-placeholder-aspect-ratio: 800\/534;\" \/><\/p>\n<p>Inicialmente, houve um momento ecum\u00eanico e em seguida as falas do prefeito de Prata J\u00fanior N\u00f3brega, gerente regional de sa\u00fade, Ravenna Farias, representante do corpo m\u00e9dico do Instituto Victor Santos, Dr. Jo\u00e3o Paulo Vitorino e o grande idealizador e anfitri\u00e3o Dr. Victor Santos.<\/p>\n<p><img decoding=\"async\" class=\"alignnone wp-image-65781 size-large lazyload\" data-src=\"http:\/\/www.caririemacao.com\/1\/wp-content\/uploads\/2018\/09\/DSC0188-1024x683.jpg\" alt=\"\" width=\"800\" height=\"534\" data-srcset=\"https:\/\/www.caririemacao.com\/1\/wp-content\/uploads\/2018\/09\/DSC0188.jpg 1024w, https:\/\/www.caririemacao.com\/1\/wp-content\/uploads\/2018\/09\/DSC0188-300x200.jpg 300w, https:\/\/www.caririemacao.com\/1\/wp-content\/uploads\/2018\/09\/DSC0188-768x512.jpg 768w\" data-sizes=\"(max-width: 800px) 100vw, 800px\" src=\"data:image\/svg+xml;base64,PHN2ZyB3aWR0aD0iMSIgaGVpZ2h0PSIxIiB4bWxucz0iaHR0cDovL3d3dy53My5vcmcvMjAwMC9zdmciPjwvc3ZnPg==\" style=\"--smush-placeholder-width: 800px; --smush-placeholder-aspect-ratio: 800\/534;\" \/><\/p>\n<p>Segundo o Dr. Victor, respons\u00e1vel pelo Centro M\u00e9dico Odontol\u00f3gico, o\u00a0Instituto Victor Santos\u00a0tem como base o conceito de atendimento diferenciado e humanizado.<\/p>\n<p><img decoding=\"async\" class=\"alignnone wp-image-65793 size-large lazyload\" data-src=\"http:\/\/www.caririemacao.com\/1\/wp-content\/uploads\/2018\/09\/DSC_0198-1024x683.jpg\" alt=\"\" width=\"800\" height=\"534\" data-srcset=\"https:\/\/www.caririemacao.com\/1\/wp-content\/uploads\/2018\/09\/DSC_0198.jpg 1024w, https:\/\/www.caririemacao.com\/1\/wp-content\/uploads\/2018\/09\/DSC_0198-300x200.jpg 300w, https:\/\/www.caririemacao.com\/1\/wp-content\/uploads\/2018\/09\/DSC_0198-768x512.jpg 768w\" data-sizes=\"(max-width: 800px) 100vw, 800px\" src=\"data:image\/svg+xml;base64,PHN2ZyB3aWR0aD0iMSIgaGVpZ2h0PSIxIiB4bWxucz0iaHR0cDovL3d3dy53My5vcmcvMjAwMC9zdmciPjwvc3ZnPg==\" style=\"--smush-placeholder-width: 800px; --smush-placeholder-aspect-ratio: 800\/534;\" \/><\/p>\n<p>O \u201cInstituto Victor Santos\u201d\u00a0agora \u00e9 uma op\u00e7\u00e3o para voc\u00ea que busca atendimento de qualidade.<\/p>\n<p><img decoding=\"async\" class=\"alignnone wp-image-65775 size-large lazyload\" data-src=\"http:\/\/www.caririemacao.com\/1\/wp-content\/uploads\/2018\/09\/DSC_0228-1024x683.jpg\" alt=\"\" width=\"800\" height=\"534\" data-srcset=\"https:\/\/www.caririemacao.com\/1\/wp-content\/uploads\/2018\/09\/DSC_0228.jpg 1024w, https:\/\/www.caririemacao.com\/1\/wp-content\/uploads\/2018\/09\/DSC_0228-300x200.jpg 300w, https:\/\/www.caririemacao.com\/1\/wp-content\/uploads\/2018\/09\/DSC_0228-768x512.jpg 768w\" data-sizes=\"(max-width: 800px) 100vw, 800px\" src=\"data:image\/svg+xml;base64,PHN2ZyB3aWR0aD0iMSIgaGVpZ2h0PSIxIiB4bWxucz0iaHR0cDovL3d3dy53My5vcmcvMjAwMC9zdmciPjwvc3ZnPg==\" style=\"--smush-placeholder-width: 800px; --smush-placeholder-aspect-ratio: 800\/534;\" \/><\/p>\n<p>O Centro M\u00e9dico Odontol\u00f3gico \u201cInstituto Victor Santos\u201d fica localizado na Rua Amaro Jos\u00e9 de Melo, centro de Prata, no Cariri Paraibano e vai oferecer v\u00e1rios especializa\u00e7\u00f5es em medicina e odontologia como odontologia especializada, laborat\u00f3rio de an\u00e1lises cl\u00ednicas, ginecologia e obstetr\u00edcia, cardiologia, ultrassonografia, dermatologia, nutri\u00e7\u00e3o e pediatria.<\/p>\n<p><img decoding=\"async\" class=\"alignnone wp-image-65783 size-large lazyload\" data-src=\"http:\/\/www.caririemacao.com\/1\/wp-content\/uploads\/2018\/09\/DSC0214-1024x683.jpg\" alt=\"\" width=\"800\" height=\"534\" data-srcset=\"https:\/\/www.caririemacao.com\/1\/wp-content\/uploads\/2018\/09\/DSC0214.jpg 1024w, https:\/\/www.caririemacao.com\/1\/wp-content\/uploads\/2018\/09\/DSC0214-300x200.jpg 300w, https:\/\/www.caririemacao.com\/1\/wp-content\/uploads\/2018\/09\/DSC0214-768x512.jpg 768w\" data-sizes=\"(max-width: 800px) 100vw, 800px\" src=\"data:image\/svg+xml;base64,PHN2ZyB3aWR0aD0iMSIgaGVpZ2h0PSIxIiB4bWxucz0iaHR0cDovL3d3dy53My5vcmcvMjAwMC9zdmciPjwvc3ZnPg==\" style=\"--smush-placeholder-width: 800px; --smush-placeholder-aspect-ratio: 800\/534;\" \/><\/p>\n<p>\u201cObrigado toda popula\u00e7\u00e3o, meus amigos e em especial meus familiares que participaram da inaugura\u00e7\u00e3o. O nosso espa\u00e7o de sa\u00fade traz um novo conceito em medicina e odontologia na regi\u00e3o do Cariri Paraibano. Toda a equipe foi preparada para prestar os melhores servi\u00e7os de sa\u00fade pautados na humaniza\u00e7\u00e3o, respeito \u00e0 vida e \u00e9tica\u201d, comentou.<\/p>\n<p><img decoding=\"async\" class=\"alignnone wp-image-65777 size-large lazyload\" data-src=\"http:\/\/www.caririemacao.com\/1\/wp-content\/uploads\/2018\/09\/DSC_0365-1024x683.jpg\" alt=\"\" width=\"800\" height=\"534\" data-srcset=\"https:\/\/www.caririemacao.com\/1\/wp-content\/uploads\/2018\/09\/DSC_0365.jpg 1024w, https:\/\/www.caririemacao.com\/1\/wp-content\/uploads\/2018\/09\/DSC_0365-300x200.jpg 300w, https:\/\/www.caririemacao.com\/1\/wp-content\/uploads\/2018\/09\/DSC_0365-768x512.jpg 768w\" data-sizes=\"(max-width: 800px) 100vw, 800px\" src=\"data:image\/svg+xml;base64,PHN2ZyB3aWR0aD0iMSIgaGVpZ2h0PSIxIiB4bWxucz0iaHR0cDovL3d3dy53My5vcmcvMjAwMC9zdmciPjwvc3ZnPg==\" style=\"--smush-placeholder-width: 800px; --smush-placeholder-aspect-ratio: 800\/534;\" \/><\/p>\n<p><a href=\"https:\/\/www.facebook.com\/pg\/CaririEmAcao\/photos\/?tab=album&amp;album_id=1368356593300360\"><strong>Veja FOTOS da INAUGURA\u00c7\u00c3O. Clique AQUI.<\/strong><\/a><\/p>\n<p><img decoding=\"async\" class=\"alignnone wp-image-65785 size-large lazyload\" data-src=\"http:\/\/www.caririemacao.com\/1\/wp-content\/uploads\/2018\/09\/DSC0016-1024x683.jpg\" alt=\"\" width=\"800\" height=\"534\" data-srcset=\"https:\/\/www.caririemacao.com\/1\/wp-content\/uploads\/2018\/09\/DSC0016.jpg 1024w, https:\/\/www.caririemacao.com\/1\/wp-content\/uploads\/2018\/09\/DSC0016-300x200.jpg 300w, https:\/\/www.caririemacao.com\/1\/wp-content\/uploads\/2018\/09\/DSC0016-768x512.jpg 768w\" data-sizes=\"(max-width: 800px) 100vw, 800px\" src=\"data:image\/svg+xml;base64,PHN2ZyB3aWR0aD0iMSIgaGVpZ2h0PSIxIiB4bWxucz0iaHR0cDovL3d3dy53My5vcmcvMjAwMC9zdmciPjwvc3ZnPg==\" style=\"--smush-placeholder-width: 800px; --smush-placeholder-aspect-ratio: 800\/534;\" \/> <img decoding=\"async\" class=\"alignnone wp-image-65786 size-large lazyload\" data-src=\"http:\/\/www.caririemacao.com\/1\/wp-content\/uploads\/2018\/09\/DSC0065-1024x683.jpg\" alt=\"\" width=\"800\" height=\"534\" data-srcset=\"https:\/\/www.caririemacao.com\/1\/wp-content\/uploads\/2018\/09\/DSC0065.jpg 1024w, https:\/\/www.caririemacao.com\/1\/wp-content\/uploads\/2018\/09\/DSC0065-300x200.jpg 300w, https:\/\/www.caririemacao.com\/1\/wp-content\/uploads\/2018\/09\/DSC0065-768x512.jpg 768w\" data-sizes=\"(max-width: 800px) 100vw, 800px\" src=\"data:image\/svg+xml;base64,PHN2ZyB3aWR0aD0iMSIgaGVpZ2h0PSIxIiB4bWxucz0iaHR0cDovL3d3dy53My5vcmcvMjAwMC9zdmciPjwvc3ZnPg==\" style=\"--smush-placeholder-width: 800px; --smush-placeholder-aspect-ratio: 800\/534;\" \/><\/p>\n<p><a href=\"https:\/\/www.facebook.com\/pg\/CaririEmAcao\/photos\/?tab=album&amp;album_id=1368356593300360\"><strong>Veja FOTOS da INAUGURA\u00c7\u00c3O. Clique AQUI.<\/strong><\/a><\/p>\n<p><img decoding=\"async\" class=\"alignnone wp-image-65787 size-large lazyload\" data-src=\"http:\/\/www.caririemacao.com\/1\/wp-content\/uploads\/2018\/09\/DSC0081-1024x683.jpg\" alt=\"\" width=\"800\" height=\"534\" data-srcset=\"https:\/\/www.caririemacao.com\/1\/wp-content\/uploads\/2018\/09\/DSC0081.jpg 1024w, https:\/\/www.caririemacao.com\/1\/wp-content\/uploads\/2018\/09\/DSC0081-300x200.jpg 300w, https:\/\/www.caririemacao.com\/1\/wp-content\/uploads\/2018\/09\/DSC0081-768x512.jpg 768w\" data-sizes=\"(max-width: 800px) 100vw, 800px\" src=\"data:image\/svg+xml;base64,PHN2ZyB3aWR0aD0iMSIgaGVpZ2h0PSIxIiB4bWxucz0iaHR0cDovL3d3dy53My5vcmcvMjAwMC9zdmciPjwvc3ZnPg==\" style=\"--smush-placeholder-width: 800px; --smush-placeholder-aspect-ratio: 800\/534;\" \/> <img decoding=\"async\" class=\"alignnone wp-image-65788 size-large lazyload\" data-src=\"http:\/\/www.caririemacao.com\/1\/wp-content\/uploads\/2018\/09\/DSC0084-1024x683.jpg\" alt=\"\" width=\"800\" height=\"534\" data-srcset=\"https:\/\/www.caririemacao.com\/1\/wp-content\/uploads\/2018\/09\/DSC0084.jpg 1024w, https:\/\/www.caririemacao.com\/1\/wp-content\/uploads\/2018\/09\/DSC0084-300x200.jpg 300w, https:\/\/www.caririemacao.com\/1\/wp-content\/uploads\/2018\/09\/DSC0084-768x512.jpg 768w\" data-sizes=\"(max-width: 800px) 100vw, 800px\" src=\"data:image\/svg+xml;base64,PHN2ZyB3aWR0aD0iMSIgaGVpZ2h0PSIxIiB4bWxucz0iaHR0cDovL3d3dy53My5vcmcvMjAwMC9zdmciPjwvc3ZnPg==\" style=\"--smush-placeholder-width: 800px; --smush-placeholder-aspect-ratio: 800\/534;\" \/> <img decoding=\"async\" class=\"alignnone wp-image-65789 size-large lazyload\" data-src=\"http:\/\/www.caririemacao.com\/1\/wp-content\/uploads\/2018\/09\/DSC0087-1024x683.jpg\" alt=\"\" width=\"800\" height=\"534\" data-srcset=\"https:\/\/www.caririemacao.com\/1\/wp-content\/uploads\/2018\/09\/DSC0087.jpg 1024w, https:\/\/www.caririemacao.com\/1\/wp-content\/uploads\/2018\/09\/DSC0087-300x200.jpg 300w, https:\/\/www.caririemacao.com\/1\/wp-content\/uploads\/2018\/09\/DSC0087-768x512.jpg 768w\" data-sizes=\"(max-width: 800px) 100vw, 800px\" src=\"data:image\/svg+xml;base64,PHN2ZyB3aWR0aD0iMSIgaGVpZ2h0PSIxIiB4bWxucz0iaHR0cDovL3d3dy53My5vcmcvMjAwMC9zdmciPjwvc3ZnPg==\" style=\"--smush-placeholder-width: 800px; --smush-placeholder-aspect-ratio: 800\/534;\" \/><\/p>\n<p><a href=\"https:\/\/www.facebook.com\/pg\/CaririEmAcao\/photos\/?tab=album&amp;album_id=1368356593300360\"><strong>Veja FOTOS da INAUGURA\u00c7\u00c3O. Clique AQUI.<\/strong><\/a><\/p>\n<p><img decoding=\"async\" class=\"alignnone wp-image-65790 size-large lazyload\" data-src=\"http:\/\/www.caririemacao.com\/1\/wp-content\/uploads\/2018\/09\/DSC0127-1024x683.jpg\" alt=\"\" width=\"800\" height=\"534\" data-srcset=\"https:\/\/www.caririemacao.com\/1\/wp-content\/uploads\/2018\/09\/DSC0127.jpg 1024w, https:\/\/www.caririemacao.com\/1\/wp-content\/uploads\/2018\/09\/DSC0127-300x200.jpg 300w, https:\/\/www.caririemacao.com\/1\/wp-content\/uploads\/2018\/09\/DSC0127-768x512.jpg 768w\" data-sizes=\"(max-width: 800px) 100vw, 800px\" src=\"data:image\/svg+xml;base64,PHN2ZyB3aWR0aD0iMSIgaGVpZ2h0PSIxIiB4bWxucz0iaHR0cDovL3d3dy53My5vcmcvMjAwMC9zdmciPjwvc3ZnPg==\" style=\"--smush-placeholder-width: 800px; --smush-placeholder-aspect-ratio: 800\/534;\" \/> <img decoding=\"async\" class=\"alignnone wp-image-65791 size-large lazyload\" data-src=\"http:\/\/www.caririemacao.com\/1\/wp-content\/uploads\/2018\/09\/DSC0182-1024x683.jpg\" alt=\"\" width=\"800\" height=\"534\" data-srcset=\"https:\/\/www.caririemacao.com\/1\/wp-content\/uploads\/2018\/09\/DSC0182.jpg 1024w, https:\/\/www.caririemacao.com\/1\/wp-content\/uploads\/2018\/09\/DSC0182-300x200.jpg 300w, https:\/\/www.caririemacao.com\/1\/wp-content\/uploads\/2018\/09\/DSC0182-768x512.jpg 768w\" data-sizes=\"(max-width: 800px) 100vw, 800px\" src=\"data:image\/svg+xml;base64,PHN2ZyB3aWR0aD0iMSIgaGVpZ2h0PSIxIiB4bWxucz0iaHR0cDovL3d3dy53My5vcmcvMjAwMC9zdmciPjwvc3ZnPg==\" style=\"--smush-placeholder-width: 800px; --smush-placeholder-aspect-ratio: 800\/534;\" \/><\/p>\n<p><a href=\"https:\/\/www.facebook.com\/pg\/CaririEmAcao\/photos\/?tab=album&amp;album_id=1368356593300360\"><strong>Veja FOTOS da INAUGURA\u00c7\u00c3O. Clique AQUI.<\/strong><\/a><\/p>\n<p><img decoding=\"async\" class=\"alignnone wp-image-65792 size-large lazyload\" data-src=\"http:\/\/www.caririemacao.com\/1\/wp-content\/uploads\/2018\/09\/DSC0189-1024x683.jpg\" alt=\"\" width=\"800\" height=\"534\" data-srcset=\"https:\/\/www.caririemacao.com\/1\/wp-content\/uploads\/2018\/09\/DSC0189.jpg 1024w, https:\/\/www.caririemacao.com\/1\/wp-content\/uploads\/2018\/09\/DSC0189-300x200.jpg 300w, https:\/\/www.caririemacao.com\/1\/wp-content\/uploads\/2018\/09\/DSC0189-768x512.jpg 768w\" data-sizes=\"(max-width: 800px) 100vw, 800px\" src=\"data:image\/svg+xml;base64,PHN2ZyB3aWR0aD0iMSIgaGVpZ2h0PSIxIiB4bWxucz0iaHR0cDovL3d3dy53My5vcmcvMjAwMC9zdmciPjwvc3ZnPg==\" style=\"--smush-placeholder-width: 800px; --smush-placeholder-aspect-ratio: 800\/534;\" \/><\/p>\n<p><a href=\"https:\/\/www.facebook.com\/pg\/CaririEmAcao\/photos\/?tab=album&amp;album_id=1368356593300360\"><strong>Veja FOTOS da INAUGURA\u00c7\u00c3O. Clique AQUI.<\/strong><\/a><\/p>\n","protected":false},"excerpt":{"rendered":"<p>O Centro M\u00e9dico Odontol\u00f3gico \u201cInstituto Victor Santos\u201d\u00a0foi inaugurado na noite deste s\u00e1bado, dia 22, no munic\u00edpio de Prata, no Cariri Paraibano. A cerim\u00f4nia de inaugura\u00e7\u00e3o&hellip; <\/p>\n","protected":false},"author":2,"featured_media":65774,"comment_status":"closed","ping_status":"closed","sticky":false,"template":"","format":"standard","meta":{"sfsi_plus_gutenberg_text_before_share":"","sfsi_plus_gutenberg_show_text_before_share":"","sfsi_plus_gutenberg_icon_type":"","sfsi_plus_gutenberg_icon_alignemt":"","sfsi_plus_gutenburg_max_per_row":"","footnotes":""},"categories":[2],"tags":[],"class_list":["post-65770","post","type-post","status-publish","format-standard","has-post-thumbnail","hentry","category-geral"],"_links":{"self":[{"href":"https:\/\/www.caririemacao.com\/1\/wp-json\/wp\/v2\/posts\/65770","targetHints":{"allow":["GET"]}}],"collection":[{"href":"https:\/\/www.caririemacao.com\/1\/wp-json\/wp\/v2\/posts"}],"about":[{"href":"https:\/\/www.caririemacao.com\/1\/wp-json\/wp\/v2\/types\/post"}],"author":[{"embeddable":true,"href":"https:\/\/www.caririemacao.com\/1\/wp-json\/wp\/v2\/users\/2"}],"replies":[{"embeddable":true,"href":"https:\/\/www.caririemacao.com\/1\/wp-json\/wp\/v2\/comments?post=65770"}],"version-history":[{"count":2,"href":"https:\/\/www.caririemacao.com\/1\/wp-json\/wp\/v2\/posts\/65770\/revisions"}],"predecessor-version":[{"id":65810,"href":"https:\/\/www.caririemacao.com\/1\/wp-json\/wp\/v2\/posts\/65770\/revisions\/65810"}],"wp:featuredmedia":[{"embeddable":true,"href":"https:\/\/www.caririemacao.com\/1\/wp-json\/wp\/v2\/media\/65774"}],"wp:attachment":[{"href":"https:\/\/www.caririemacao.com\/1\/wp-json\/wp\/v2\/media?parent=65770"}],"wp:term":[{"taxonomy":"category","embeddable":true,"href":"https:\/\/www.caririemacao.com\/1\/wp-json\/wp\/v2\/categories?post=65770"},{"taxonomy":"post_tag","embeddable":true,"href":"https:\/\/www.caririemacao.com\/1\/wp-json\/wp\/v2\/tags?post=65770"}],"curies":[{"name":"wp","href":"https:\/\/api.w.org\/{rel}","templated":true}]}}