{"id":65773,"date":"2018-09-23T10:49:32","date_gmt":"2018-09-23T13:49:32","guid":{"rendered":"http:\/\/www.caririemacao.com\/1\/?p=65773"},"modified":"2018-09-23T10:49:32","modified_gmt":"2018-09-23T13:49:32","slug":"ministerio-publico-eleitoral-investiga-propaganda-irregular-de-bolsonaro-na-paraiba","status":"publish","type":"post","link":"https:\/\/www.caririemacao.com\/1\/2018\/09\/23\/ministerio-publico-eleitoral-investiga-propaganda-irregular-de-bolsonaro-na-paraiba\/","title":{"rendered":"Minist\u00e9rio P\u00fablico Eleitoral investiga propaganda irregular de Bolsonaro na Para\u00edba"},"content":{"rendered":"<p>O Minist\u00e9rio P\u00fablico Eleitoral (MPE) vai apurar casos de propaganda eleitoral antecipada do candidato \u00e0 Presid\u00eancia da Rep\u00fablica Jair Bolsonaro (PSL) na Para\u00edba.<\/p>\n<p>Propagandas de Bolsonaro teriam sido feitas de forma il\u00edcita, por meio de outdoors, nos munic\u00edpios de Cabedelo e Guarabira.<\/p>\n<p>Portaria que instaura o procedimento preparat\u00f3rio eleitoral foi publicada na edi\u00e7\u00e3o da segunda-feira (24) do Di\u00e1rio Oficial do Minist\u00e9rio P\u00fablico Federal (MPF) e assinada pelo procurador eleitoral auxiliar Sergio Rodrigo Pimentel de Castro Pinto.<\/p>\n<p>Blog Gordinho<\/p>\n<p>Cariri Em A\u00e7\u00e3o<\/p>\n<p>Leia mais not\u00edcias em\u00a0<a href=\"https:\/\/www.caririemacao.com\/\">caririemacao.com<\/a>, siga nossa p\u00e1gina no\u00a0<a href=\"https:\/\/www.facebook.com\/CaririEmAcao\/?ref=aymt_homepage_panel\">Facebook<\/a>,\u00a0<a href=\"https:\/\/www.instagram.com\/cariri_em_acao\/?hl=pt-br\">Instagram<\/a>\u00a0e\u00a0<a href=\"https:\/\/www.youtube.com\/channel\/UCAptA0jQuYQy8vMhLt2m4qg\">Youtube<\/a>\u00a0e veja nossas mat\u00e9rias, v\u00eddeos e fotos. Voc\u00ea tamb\u00e9m pode enviar informa\u00e7\u00f5es \u00e0 Reda\u00e7\u00e3o do Portal Cariri em A\u00e7\u00e3o pelo WhatsApp (83) 9 9634.5791, (83) 9 9601-1162.<\/p>\n","protected":false},"excerpt":{"rendered":"<p>O Minist\u00e9rio P\u00fablico Eleitoral (MPE) vai apurar casos de propaganda eleitoral antecipada do candidato \u00e0 Presid\u00eancia da Rep\u00fablica Jair Bolsonaro (PSL) na Para\u00edba. Propagandas de&hellip; <\/p>\n","protected":false},"author":1,"featured_media":57196,"comment_status":"closed","ping_status":"closed","sticky":false,"template":"","format":"standard","meta":{"sfsi_plus_gutenberg_text_before_share":"","sfsi_plus_gutenberg_show_text_before_share":"","sfsi_plus_gutenberg_icon_type":"","sfsi_plus_gutenberg_icon_alignemt":"","sfsi_plus_gutenburg_max_per_row":"","footnotes":""},"categories":[1],"tags":[],"class_list":["post-65773","post","type-post","status-publish","format-standard","has-post-thumbnail","hentry","category-o-site"],"_links":{"self":[{"href":"https:\/\/www.caririemacao.com\/1\/wp-json\/wp\/v2\/posts\/65773","targetHints":{"allow":["GET"]}}],"collection":[{"href":"https:\/\/www.caririemacao.com\/1\/wp-json\/wp\/v2\/posts"}],"about":[{"href":"https:\/\/www.caririemacao.com\/1\/wp-json\/wp\/v2\/types\/post"}],"author":[{"embeddable":true,"href":"https:\/\/www.caririemacao.com\/1\/wp-json\/wp\/v2\/users\/1"}],"replies":[{"embeddable":true,"href":"https:\/\/www.caririemacao.com\/1\/wp-json\/wp\/v2\/comments?post=65773"}],"version-history":[{"count":1,"href":"https:\/\/www.caririemacao.com\/1\/wp-json\/wp\/v2\/posts\/65773\/revisions"}],"predecessor-version":[{"id":65778,"href":"https:\/\/www.caririemacao.com\/1\/wp-json\/wp\/v2\/posts\/65773\/revisions\/65778"}],"wp:featuredmedia":[{"embeddable":true,"href":"https:\/\/www.caririemacao.com\/1\/wp-json\/wp\/v2\/media\/57196"}],"wp:attachment":[{"href":"https:\/\/www.caririemacao.com\/1\/wp-json\/wp\/v2\/media?parent=65773"}],"wp:term":[{"taxonomy":"category","embeddable":true,"href":"https:\/\/www.caririemacao.com\/1\/wp-json\/wp\/v2\/categories?post=65773"},{"taxonomy":"post_tag","embeddable":true,"href":"https:\/\/www.caririemacao.com\/1\/wp-json\/wp\/v2\/tags?post=65773"}],"curies":[{"name":"wp","href":"https:\/\/api.w.org\/{rel}","templated":true}]}}