{"id":65780,"date":"2018-09-23T10:53:40","date_gmt":"2018-09-23T13:53:40","guid":{"rendered":"http:\/\/www.caririemacao.com\/1\/?p=65780"},"modified":"2018-09-23T10:53:40","modified_gmt":"2018-09-23T13:53:40","slug":"preco-da-gasolina-bate-recorde-e-chega-ao-maior-valor-em-dez-anos","status":"publish","type":"post","link":"https:\/\/www.caririemacao.com\/1\/2018\/09\/23\/preco-da-gasolina-bate-recorde-e-chega-ao-maior-valor-em-dez-anos\/","title":{"rendered":"Pre\u00e7o da gasolina bate recorde e chega ao maior valor em dez anos"},"content":{"rendered":"<p>solina nos postos brasileiros chega \u00e0s v\u00e9speras da elei\u00e7\u00e3o no maior patamar dos \u00faltimos dez anos, aumentando a press\u00e3o sobre a pol\u00edtica de reajustes institu\u00edda pela Petrobras durante o governo Michel Temer.<\/p>\n<p>Entre os principais candidatos \u00e0 Presid\u00eancia da Rep\u00fablica, \u00e9 quase consenso que o modelo deve sofrer algum tipo de mudan\u00e7a. Apenas Jair Bolsonaro (PSL) apresenta em sua proposta uma f\u00f3rmula parecida com a atual.<\/p>\n<p>Nesta semana, a gasolina foi vendida em m\u00e9dia no Brasil a R$ 4,65 por litro, de acordo com dados da ANP (Ag\u00eancia Nacional do Petr\u00f3leo, G\u00e1s e Biocombust\u00edveis), alta de 0,5% com rela\u00e7\u00e3o \u00e0 semana anterior.<\/p>\n<p>Desconsiderando picos provocados pelo desabastecimento durante a greve dos caminhoneiros, \u00e9 o maior valor desde janeiro de 2008 (corrigidos pela infla\u00e7\u00e3o), quando a cota\u00e7\u00e3o do petr\u00f3leo se aproximava dos US$ 100 (R$ 400, na cota\u00e7\u00e3o atual) por barril. Em junho daquele ano, chegou a bater em US$ 140 por barril (R$ 560). Nesta sexta (21), o petr\u00f3leo Brent fechou a US$ 78,80 (cerca de R$ 315).<\/p>\n<p>Al\u00e9m do efeito da cota\u00e7\u00e3o do petr\u00f3leo, a escalada dos pre\u00e7os em 2018 \u00e9 fruto da valoriza\u00e7\u00e3o do d\u00f3lar, uma vez que a pol\u00edtica adotada pela Petrobras desde outubro 2016 determina que a venda do combust\u00edvel no pa\u00eds deve acompanhar o valor do produto importado -o que inclui repassar a varia\u00e7\u00e3o cambial.<\/p>\n<p>No ano, o reajuste acumulado do pre\u00e7o da gasolina nas refinarias da estatal soma 29%, j\u00e1 descontada a infla\u00e7\u00e3o do per\u00edodo. Nas bombas, o aumento acumulado \u00e9 de 10%, tamb\u00e9m descontada a infla\u00e7\u00e3o.<\/p>\n<p>Quatro dos cinco candidatos com maiores inten\u00e7\u00f5es de votos segundo as pesquisas, defendem mudan\u00e7as em rela\u00e7\u00e3o ao modelo atual. A profundidade das mudan\u00e7as varia, por\u00e9m, de acordo com o posicionamento econ\u00f4mico das candidaturas.<\/p>\n<p>Marina Silva (Rede) e Geraldo Alckmin (PSDB) dizem que, se eleitos, manter\u00e3o pre\u00e7os alinhados \u00e0s cota\u00e7\u00f5es internacionais, mas prop\u00f5em instrumentos para suavizar o repasse das varia\u00e7\u00f5es ao consumidor.<\/p>\n<p>\u201cO mercado de petr\u00f3leo e o c\u00e2mbio s\u00e3o livres\u201d, disse, em nota, a campanha de Marina. \u201cNo entanto, a economia interna n\u00e3o deve estar sujeita \u00e0 tanta volatilidade\u201d. Ela prop\u00f5e a ado\u00e7\u00e3o de um sistema de m\u00e9dias m\u00f3veis, que podem ser trimestrais.<\/p>\n<p>Atualmente, a Petrobras usa sistema parecido na defini\u00e7\u00e3o dos pre\u00e7os do g\u00e1s de botij\u00e3o de 13 quilos. A cada tr\u00eas meses, o valor \u00e9 reajustado com base na varia\u00e7\u00e3o das cota\u00e7\u00f5es internacionais e do c\u00e2mbio nos doze meses anteriores.<\/p>\n<p>Essa metodologia foi adotada ap\u00f3s a pol\u00edtica anterior levar o pre\u00e7o do botij\u00e3o \u00e0s alturas e for\u00e7ar 1,2 milh\u00e3o de resid\u00eancias brasileiras a usar lenha e carv\u00e3o para cozinhar.<\/p>\n<p>Em 2018, ap\u00f3s tr\u00eas reajustes, o pre\u00e7o do g\u00e1s nas refinarias acumula queda de 8% em rela\u00e7\u00e3o ao fim do ano anterior.<\/p>\n<p>Alckmin defende reajustes com periodicidade fixa e al\u00edquotas flex\u00edveis para impostos federais e estaduais, medida que dependeria de acordo com os estados. \u201cAs al\u00edquotas devem cair quando h\u00e1 alta no pre\u00e7o internacional ou desvaloriza\u00e7\u00e3o da moeda e subir no caso oposto\u201d, diz a campanha tucana.<\/p>\n<p>Fernando Haddad (PT) e Ciro Gomes (PDT) prop\u00f5em mudan\u00e7as no c\u00e1lculo dos pre\u00e7os, reduzindo o peso das cota\u00e7\u00f5es internacionais e do c\u00e2mbio. \u201cA pol\u00edtica de pre\u00e7os de combust\u00edveis da Petrobras ser\u00e1 reorientada\u201d, diz o programa de governo do petista.<\/p>\n<p>\u201cO mercado brasileiro \u00e9 aberto a importa\u00e7\u00f5es, mas isso n\u00e3o significa que o petr\u00f3leo retirado no Brasil, aqui transportado e refinado, com custo bem menor que o internacional, seja vendido aos brasileiros segundo a nova pol\u00edtica de pre\u00e7os da Petrobras do governo Temer\u201d, afirma o texto.<\/p>\n<div id=\"attachment_496865\" class=\"wp-caption aligncenter\"><img decoding=\"async\" class=\"wp-image-496865 size-medium lazyloaded\" src=\"https:\/\/paraibaonline.com.br\/wp-content\/uploads\/2018\/09\/gasolina0409-567x378.jpg\" sizes=\"(max-width: 567px) 100vw, 567px\" srcset=\"https:\/\/paraibaonline.com.br\/wp-content\/uploads\/2018\/09\/gasolina0409-567x378.jpg 567w, https:\/\/paraibaonline.com.br\/wp-content\/uploads\/2018\/09\/gasolina0409-900x600.jpg 900w, https:\/\/paraibaonline.com.br\/wp-content\/uploads\/2018\/09\/gasolina0409.jpg 1024w\" alt=\"Foto: Tomaz Silva\/ Ag\u00eancia Brasil\" data-lazy-src=\"https:\/\/paraibaonline.com.br\/wp-content\/uploads\/2018\/09\/gasolina0409-567x378.jpg\" data-lazy-srcset=\"https:\/\/paraibaonline.com.br\/wp-content\/uploads\/2018\/09\/gasolina0409-567x378.jpg 567w, https:\/\/paraibaonline.com.br\/wp-content\/uploads\/2018\/09\/gasolina0409-900x600.jpg 900w, https:\/\/paraibaonline.com.br\/wp-content\/uploads\/2018\/09\/gasolina0409.jpg 1024w\" data-lazy-sizes=\"(max-width: 567px) 100vw, 567px\" data-was-processed=\"true\" \/><\/p>\n<p class=\"wp-caption-text\">Foto: Tomaz Silva\/ Ag\u00eancia Brasil<\/p>\n<\/div>\n<p>Em seu programa de governo, Ciro prop\u00f5e \u201ca estabilidade de pre\u00e7os importantes, como o petr\u00f3leo, no mercado interno (sempre resguardando a rentabilidade das empresas produtoras desses bens)\u201d, mas n\u00e3o d\u00e1 maiores detalhes.<\/p>\n<p>Em entrevistas, o candidato tem dito que o c\u00e1lculo dos pre\u00e7os deve considerar parcelas dos custos em real, ao inv\u00e9s das cota\u00e7\u00f5es internacionais em d\u00f3lar. Sua campanha n\u00e3o respondeu ao pedido de entrevistas sobre o tema.<\/p>\n<p>J\u00e1 o l\u00edder das pesquisas, Jair Bolsonaro, defende em seu programa o alinhamento aos pre\u00e7os internacionais com mecanismos de prote\u00e7\u00e3o financeira -conhecidos com hedge- para suavizar as flutua\u00e7\u00f5es de curto prazo, proposta parecida ao modelo praticado pela Petrobras hoje.<\/p>\n<p>H\u00e1 duas semanas, a estatal anunciou a possibilidade de segurar os repasses por at\u00e9 15 dias, usando mecanismos de hedge, que contemplam a compra e venda de contratos futuros de c\u00e2mbio e combust\u00edveis para se proteger das flutua\u00e7\u00f5es.<\/p>\n<p>O pre\u00e7o da gasolina em suas refinarias est\u00e1 congelado h\u00e1 dez dias, em uma indica\u00e7\u00e3o de que o mecanismo est\u00e1 sendo usado no momento. A empresa, por\u00e9m, n\u00e3o confirma. Procurada, n\u00e3o quis comentar as propostas de mudan\u00e7a na pol\u00edtica de pre\u00e7os.<\/p>\n<p>Em reuni\u00f5es com representantes dos candidatos, por\u00e9m, executivos da estatal t\u00eam defendido que a manuten\u00e7\u00e3o de pre\u00e7os alinhados ao mercado internacional \u00e9 fundamental para o esfor\u00e7o de redu\u00e7\u00e3o de seu endividamento.<\/p>\n<p>Em uma tentativa de blindar a pol\u00edtica atual, a gest\u00e3o da companhia colocou em estatuto no fim de 2017 cl\u00e1usulas que obrigam o governo a ressarci-la em caso de concess\u00e3o de subs\u00eddios. A avalia\u00e7\u00e3o \u00e9 que, assim, mudan\u00e7as abruptas ter\u00e3o que passar por assembleia de acionistas.<\/p>\n<p>Blog Gordinho<\/p>\n<p>Cariri Em A\u00e7\u00e3o<\/p>\n<p>Leia mais not\u00edcias em\u00a0<a href=\"https:\/\/www.caririemacao.com\/\">caririemacao.com<\/a>, siga nossa p\u00e1gina no\u00a0<a href=\"https:\/\/www.facebook.com\/CaririEmAcao\/?ref=aymt_homepage_panel\">Facebook<\/a>,\u00a0<a href=\"https:\/\/www.instagram.com\/cariri_em_acao\/?hl=pt-br\">Instagram<\/a>\u00a0e\u00a0<a href=\"https:\/\/www.youtube.com\/channel\/UCAptA0jQuYQy8vMhLt2m4qg\">Youtube<\/a>\u00a0e veja nossas mat\u00e9rias, v\u00eddeos e fotos. Voc\u00ea tamb\u00e9m pode enviar informa\u00e7\u00f5es \u00e0 Reda\u00e7\u00e3o do Portal Cariri em A\u00e7\u00e3o pelo WhatsApp (83) 9 9634.5791, (83) 9 9601-1162.<\/p>\n","protected":false},"excerpt":{"rendered":"<p>solina nos postos brasileiros chega \u00e0s v\u00e9speras da elei\u00e7\u00e3o no maior patamar dos \u00faltimos dez anos, aumentando a press\u00e3o sobre a pol\u00edtica de reajustes institu\u00edda&hellip; <\/p>\n","protected":false},"author":1,"featured_media":8261,"comment_status":"closed","ping_status":"closed","sticky":false,"template":"","format":"standard","meta":{"sfsi_plus_gutenberg_text_before_share":"","sfsi_plus_gutenberg_show_text_before_share":"","sfsi_plus_gutenberg_icon_type":"","sfsi_plus_gutenberg_icon_alignemt":"","sfsi_plus_gutenburg_max_per_row":"","footnotes":""},"categories":[2],"tags":[],"class_list":["post-65780","post","type-post","status-publish","format-standard","has-post-thumbnail","hentry","category-geral"],"_links":{"self":[{"href":"https:\/\/www.caririemacao.com\/1\/wp-json\/wp\/v2\/posts\/65780","targetHints":{"allow":["GET"]}}],"collection":[{"href":"https:\/\/www.caririemacao.com\/1\/wp-json\/wp\/v2\/posts"}],"about":[{"href":"https:\/\/www.caririemacao.com\/1\/wp-json\/wp\/v2\/types\/post"}],"author":[{"embeddable":true,"href":"https:\/\/www.caririemacao.com\/1\/wp-json\/wp\/v2\/users\/1"}],"replies":[{"embeddable":true,"href":"https:\/\/www.caririemacao.com\/1\/wp-json\/wp\/v2\/comments?post=65780"}],"version-history":[{"count":1,"href":"https:\/\/www.caririemacao.com\/1\/wp-json\/wp\/v2\/posts\/65780\/revisions"}],"predecessor-version":[{"id":65782,"href":"https:\/\/www.caririemacao.com\/1\/wp-json\/wp\/v2\/posts\/65780\/revisions\/65782"}],"wp:featuredmedia":[{"embeddable":true,"href":"https:\/\/www.caririemacao.com\/1\/wp-json\/wp\/v2\/media\/8261"}],"wp:attachment":[{"href":"https:\/\/www.caririemacao.com\/1\/wp-json\/wp\/v2\/media?parent=65780"}],"wp:term":[{"taxonomy":"category","embeddable":true,"href":"https:\/\/www.caririemacao.com\/1\/wp-json\/wp\/v2\/categories?post=65780"},{"taxonomy":"post_tag","embeddable":true,"href":"https:\/\/www.caririemacao.com\/1\/wp-json\/wp\/v2\/tags?post=65780"}],"curies":[{"name":"wp","href":"https:\/\/api.w.org\/{rel}","templated":true}]}}