{"id":65784,"date":"2018-09-23T11:02:59","date_gmt":"2018-09-23T14:02:59","guid":{"rendered":"http:\/\/www.caririemacao.com\/1\/?p=65784"},"modified":"2018-09-23T11:02:59","modified_gmt":"2018-09-23T14:02:59","slug":"anatel-comeca-a-enviar-alertas-sobre-bloqueio-de-celulares-piratas","status":"publish","type":"post","link":"https:\/\/www.caririemacao.com\/1\/2018\/09\/23\/anatel-comeca-a-enviar-alertas-sobre-bloqueio-de-celulares-piratas\/","title":{"rendered":"Anatel come\u00e7a a enviar alertas sobre bloqueio de celulares piratas"},"content":{"rendered":"<div class=\"row content-head non-featured\">\n<div class=\"medium-centered subtitle\">\n<p class=\"content-head__subtitle\"><img fetchpriority=\"high\" decoding=\"async\" class=\"content-video__placeholder__thumb alignleft\" title=\"Celulares irregulares come\u00e7am a receber aviso de bloqueio\" src=\"https:\/\/s02.video.glbimg.com\/x720\/7038309.jpg\" alt=\"Celulares irregulares come\u00e7am a receber aviso de bloqueio\" width=\"379\" height=\"213\" \/>A\u00a0Ag\u00eancia Nacional de Telecomunica\u00e7\u00f5es (Anatel)come\u00e7a, neste domingo (23), a enviar mensagens para usu\u00e1rios de celular de 10 estados, alertando sobre bloqueios de celulares piratas.<\/p>\n<\/div>\n<\/div>\n<div class=\"mc-article-body\">\n<article>\n<div class=\"wall\">\n<div class=\"mc-column content-text active-extra-styles \" data-block-type=\"unstyled\" data-block-weight=\"24\" data-block-id=\"3\">\n<p class=\"content-text__container \" data-track-category=\"Link no Texto\" data-track-links=\"\">S\u00e3o aqueles que n\u00e3o s\u00e3o certificados pela ag\u00eancia ou tiveram o IMEI (n\u00famero que funciona como identifica\u00e7\u00e3o \u00fanica do aparelho) adulterado, clonado ou fraudado.<\/p>\n<\/div>\n<div class=\"mc-column content-text active-extra-styles \" data-block-type=\"unstyled\" data-block-weight=\"8\" data-block-id=\"4\">\n<p class=\"content-text__container \" data-track-category=\"Link no Texto\" data-track-links=\"\">Os estados que come\u00e7ar\u00e3o a receber alertas s\u00e3o:<\/p>\n<\/div>\n<div class=\"mc-column content-text active-extra-styles\" data-block-type=\"raw\" data-block-weight=\"20\" data-block-id=\"5\">\n<ul class=\"content-unordered-list\">\n<li><strong>Acre<\/strong><\/li>\n<li><strong>Esp\u00edrito Santo<\/strong><\/li>\n<li><strong>Mato Grosso<\/strong><\/li>\n<li><strong>Mato Grosso do Sul<\/strong><\/li>\n<li><strong>Rio de Janeiro<\/strong><\/li>\n<li><strong>Rond\u00f4nia<\/strong><\/li>\n<li><strong>Tocantins<\/strong><\/li>\n<li><strong>Todos os estados da Regi\u00e3o Sul<\/strong><\/li>\n<\/ul>\n<\/div>\n<div class=\"mc-column content-text active-extra-styles \" data-block-type=\"unstyled\" data-block-weight=\"29\" data-block-id=\"6\">\n<p class=\"content-text__container \" data-track-category=\"Link no Texto\" data-track-links=\"\">Quem estiver com o celular irregular receber\u00e1 uma mensagem do n\u00famero 2828, alertando sobre a Lei 9.472 e sobre um prazo espec\u00edfico em que o aparelho deixar\u00e1 de funcionar.<\/p>\n<\/div>\n<div class=\"mc-column content-text active-extra-styles \" data-block-type=\"unstyled\" data-block-weight=\"13\" data-block-id=\"7\">\n<p class=\"content-text__container \" data-track-category=\"Link no Texto\" data-track-links=\"\">O bloqueio nessas localidades est\u00e1 prevista para o pr\u00f3ximo dia 8 de dezembro.<\/p>\n<\/div>\n<div class=\"mc-column content-text active-extra-styles \" data-block-type=\"unstyled\" data-block-weight=\"28\" data-block-id=\"8\">\n<p class=\"content-text__container \" data-track-category=\"Link no Texto\" data-track-links=\"\">A Anatel consegue identificar celulares irregulares porque tem um sistema informatizado, em parceria com operadoras de telefonia e fabricantes, que identifica os celulares irregulares em uso na rede.<img decoding=\"async\" class=\"content-video__placeholder__thumb alignleft lazyload\" title=\"Anatel come\u00e7a processo de bloqueio de celulares irregulares no domingo (23)\" data-src=\"https:\/\/s01.video.glbimg.com\/x720\/7034888.jpg\" alt=\"Anatel come\u00e7a processo de bloqueio de celulares irregulares no domingo (23)\" width=\"361\" height=\"203\" src=\"data:image\/svg+xml;base64,PHN2ZyB3aWR0aD0iMSIgaGVpZ2h0PSIxIiB4bWxucz0iaHR0cDovL3d3dy53My5vcmcvMjAwMC9zdmciPjwvc3ZnPg==\" style=\"--smush-placeholder-width: 361px; --smush-placeholder-aspect-ratio: 361\/203;\" \/><\/p>\n<\/div>\n<div class=\"mc-column content-media content-video\" data-block-type=\"backstage-video\" data-block-id=\"9\"><\/div>\n<div class=\"mc-column content-text active-extra-styles\" data-block-type=\"raw\" data-block-weight=\"2\" data-block-id=\"10\">\n<div class=\"content-intertitle\">\n<h2>Pr\u00f3xima fase<\/h2>\n<\/div>\n<\/div>\n<div class=\"mc-column content-text active-extra-styles \" data-block-type=\"unstyled\" data-block-weight=\"36\" data-block-id=\"11\">\n<p class=\"content-text__container \" data-track-category=\"Link no Texto\" data-track-links=\"\">Goi\u00e1s e o Distrito Federal foram os primeiros a fazer parte do programa de bloqueio. Nesses dois estados, 41.827 acessos de telefonia e internet m\u00f3vel foram fechados em maio \u00faltimo \u2014 0,3% do total nessas localidades.<\/p>\n<\/div>\n<div class=\"mc-column content-text active-extra-styles \" data-block-type=\"unstyled\" data-block-weight=\"10\" data-block-id=\"12\">\n<p class=\"content-text__container \" data-track-category=\"Link no Texto\" data-track-links=\"\">Veja como ser\u00e1 a pr\u00f3xima e \u00faltima fase da opera\u00e7\u00e3o:<\/p>\n<\/div>\n<div class=\"mc-column content-text active-extra-styles\" data-block-type=\"raw\" data-block-weight=\"32\" data-block-id=\"13\">\n<ul class=\"content-unordered-list\">\n<li>Estados:\u00a0<strong>S\u00e3o Paulo, Minas Gerais, Par\u00e1, Amazonas, Amap\u00e1, Roraima e todos da Regi\u00e3o Nordeste<\/strong>;<\/li>\n<li>In\u00edcio das notifica\u00e7\u00f5es: 7 de janeiro de 2019<\/li>\n<li>In\u00edcio dos bloqueios dos aparelhos: 24 de mar\u00e7o de 2019.<\/li>\n<\/ul>\n<\/div>\n<div class=\"mc-column content-text active-extra-styles\" data-block-type=\"raw\" data-block-weight=\"4\" data-block-id=\"15\">\n<div class=\"content-intertitle\">\n<h2>Meu celular est\u00e1 irregular?<\/h2>\n<\/div>\n<\/div>\n<div class=\"mc-column content-text active-extra-styles \" data-block-type=\"unstyled\" data-block-weight=\"39\" data-block-id=\"16\">\n<p class=\"content-text__container \" data-track-category=\"Link no Texto\" data-track-links=\"\">Segundo a Anatel, para saber se um celular \u00e9 certificado pela ag\u00eancia basta procurar por um selo da Anatel, presente no carregador e no verso da bateria. \u00c9 tamb\u00e9m recomendado verificar o IMEI para saber o status do celular.<\/p>\n<\/div>\n<div class=\"mc-column content-text active-extra-styles \" data-block-type=\"unstyled\" data-block-weight=\"36\" data-block-id=\"17\">\n<p class=\"content-text__container \" data-track-category=\"Link no Texto\" data-track-links=\"\">Isso pode ser feito em verificando o n\u00famero que aparece na caixa e o que consta no adesivo do pr\u00f3prio aparelho. Depois, comparar se os dois s\u00e3o iguais a um outro, que aparece ao discar: *#06#<\/p>\n<\/div>\n<div class=\"row medium-uncollapsed content-media content-photo\" data-block-type=\"backstage-photo\" data-block-id=\"18\">\n<div class=\"mc-column content-media__container\">\n<div class=\"progressive-img can-open-lightbox\" data-min-size=\"1008x2551\" data-min-size-url=\"https:\/\/s2.glbimg.com\/3mNkq1Rg1YlZZNcolUfUcY1V9N4=\/0x0:650x1645\/1008x0\/smart\/filters:strip_icc()\/i.s3.glbimg.com\/v1\/AUTH_59edd422c0c84a879bd37670ae4f538a\/internal_photos\/bs\/2017\/V\/s\/FtDqOrRpSWLm9xeTAzaQ\/o-que-e-imei-va.jpg\" data-max-size=\"1600x4049\" data-max-size-url=\"https:\/\/s2.glbimg.com\/SraL9KiHMPPQXw-6oFxXzE8E010=\/0x0:650x1645\/1600x0\/smart\/filters:strip_icc()\/i.s3.glbimg.com\/v1\/AUTH_59edd422c0c84a879bd37670ae4f538a\/internal_photos\/bs\/2017\/V\/s\/FtDqOrRpSWLm9xeTAzaQ\/o-que-e-imei-va.jpg\" data-media-index=\"0\"><picture><img decoding=\"async\" class=\"image content-media__image progressive-loaded alignleft\" title=\"O que \u00e9 IMEI \u2014 Foto: Arte\/G1\" src=\"https:\/\/s2.glbimg.com\/qcq9lzr18uUiQORR8jPuPonOXAs=\/0x0:650x1645\/984x0\/smart\/filters:strip_icc()\/i.s3.glbimg.com\/v1\/AUTH_59edd422c0c84a879bd37670ae4f538a\/internal_photos\/bs\/2017\/V\/s\/FtDqOrRpSWLm9xeTAzaQ\/o-que-e-imei-va.jpg\" alt=\"O que \u00e9 IMEI \u2014 Foto: Arte\/G1\" width=\"285\" height=\"721\" data-src=\"https:\/\/s2.glbimg.com\/qcq9lzr18uUiQORR8jPuPonOXAs=\/0x0:650x1645\/984x0\/smart\/filters:strip_icc()\/i.s3.glbimg.com\/v1\/AUTH_59edd422c0c84a879bd37670ae4f538a\/internal_photos\/bs\/2017\/V\/s\/FtDqOrRpSWLm9xeTAzaQ\/o-que-e-imei-va.jpg\" \/><\/picture><\/div>\n<p class=\"content-media__description \">A recomenda\u00e7\u00e3o para evitar problemas assim \u00e9 comprar celulares em locais certificados, com emiss\u00e3o de nota fiscal.<\/p>\n<\/div>\n<\/div>\n<\/div>\n<div data-track-category=\"fim do conteudo\" data-track-action=\"ultimo chunk conteudo\" data-track-noninteraction=\"false\" data-track-scroll=\"entrada completa viewport\">\n<div class=\"mc-column content-text active-extra-styles \" data-block-type=\"unstyled\" data-block-weight=\"35\" data-block-id=\"20\">\n<p class=\"content-text__container \" data-track-category=\"Link no Texto\" data-track-links=\"\">O bloqueio n\u00e3o muda a situa\u00e7\u00e3o de quem possui aparelhos regulares, sem impedimento por furto ou roubo, ou certificados por \u00f3rg\u00e3os internacionais aceitos pela Anatel, a exemplo de quem comprou um celular fora do pa\u00eds.<\/p>\n<p data-track-category=\"Link no Texto\" data-track-links=\"\">Ag\u00eancia Brasil<\/p>\n<p>Cariri Em A\u00e7\u00e3o<\/p>\n<p>Leia mais not\u00edcias em\u00a0<a href=\"https:\/\/www.caririemacao.com\/\">caririemacao.com<\/a>, siga nossa p\u00e1gina no\u00a0<a href=\"https:\/\/www.facebook.com\/CaririEmAcao\/?ref=aymt_homepage_panel\">Facebook<\/a>,\u00a0<a href=\"https:\/\/www.instagram.com\/cariri_em_acao\/?hl=pt-br\">Instagram<\/a>\u00a0e\u00a0<a href=\"https:\/\/www.youtube.com\/channel\/UCAptA0jQuYQy8vMhLt2m4qg\">Youtube<\/a>\u00a0e veja nossas mat\u00e9rias, v\u00eddeos e fotos. Voc\u00ea tamb\u00e9m pode enviar informa\u00e7\u00f5es \u00e0 Reda\u00e7\u00e3o do Portal Cariri em A\u00e7\u00e3o pelo WhatsApp (83) 9 9634.5791, (83) 9 9601-1162.<\/p>\n<\/div>\n<\/div>\n<\/article>\n<\/div>\n","protected":false},"excerpt":{"rendered":"<p>A\u00a0Ag\u00eancia Nacional de Telecomunica\u00e7\u00f5es (Anatel)come\u00e7a, neste domingo (23), a enviar mensagens para usu\u00e1rios de celular de 10 estados, alertando sobre bloqueios de celulares piratas. S\u00e3o&hellip; <\/p>\n","protected":false},"author":1,"featured_media":65794,"comment_status":"closed","ping_status":"closed","sticky":false,"template":"","format":"standard","meta":{"sfsi_plus_gutenberg_text_before_share":"","sfsi_plus_gutenberg_show_text_before_share":"","sfsi_plus_gutenberg_icon_type":"","sfsi_plus_gutenberg_icon_alignemt":"","sfsi_plus_gutenburg_max_per_row":"","footnotes":""},"categories":[2],"tags":[],"class_list":["post-65784","post","type-post","status-publish","format-standard","has-post-thumbnail","hentry","category-geral"],"_links":{"self":[{"href":"https:\/\/www.caririemacao.com\/1\/wp-json\/wp\/v2\/posts\/65784","targetHints":{"allow":["GET"]}}],"collection":[{"href":"https:\/\/www.caririemacao.com\/1\/wp-json\/wp\/v2\/posts"}],"about":[{"href":"https:\/\/www.caririemacao.com\/1\/wp-json\/wp\/v2\/types\/post"}],"author":[{"embeddable":true,"href":"https:\/\/www.caririemacao.com\/1\/wp-json\/wp\/v2\/users\/1"}],"replies":[{"embeddable":true,"href":"https:\/\/www.caririemacao.com\/1\/wp-json\/wp\/v2\/comments?post=65784"}],"version-history":[{"count":1,"href":"https:\/\/www.caririemacao.com\/1\/wp-json\/wp\/v2\/posts\/65784\/revisions"}],"predecessor-version":[{"id":65795,"href":"https:\/\/www.caririemacao.com\/1\/wp-json\/wp\/v2\/posts\/65784\/revisions\/65795"}],"wp:featuredmedia":[{"embeddable":true,"href":"https:\/\/www.caririemacao.com\/1\/wp-json\/wp\/v2\/media\/65794"}],"wp:attachment":[{"href":"https:\/\/www.caririemacao.com\/1\/wp-json\/wp\/v2\/media?parent=65784"}],"wp:term":[{"taxonomy":"category","embeddable":true,"href":"https:\/\/www.caririemacao.com\/1\/wp-json\/wp\/v2\/categories?post=65784"},{"taxonomy":"post_tag","embeddable":true,"href":"https:\/\/www.caririemacao.com\/1\/wp-json\/wp\/v2\/tags?post=65784"}],"curies":[{"name":"wp","href":"https:\/\/api.w.org\/{rel}","templated":true}]}}