{"id":65798,"date":"2018-09-23T11:15:08","date_gmt":"2018-09-23T14:15:08","guid":{"rendered":"http:\/\/www.caririemacao.com\/1\/?p=65798"},"modified":"2018-09-23T11:16:08","modified_gmt":"2018-09-23T14:16:08","slug":"veneziano-assegura-aos-prefeitos-do-cariri-defesa-no-senado-de-pacto-federativo-mais-justo","status":"publish","type":"post","link":"https:\/\/www.caririemacao.com\/1\/2018\/09\/23\/veneziano-assegura-aos-prefeitos-do-cariri-defesa-no-senado-de-pacto-federativo-mais-justo\/","title":{"rendered":"Veneziano assegura aos prefeitos do Cariri defesa no Senado de \u2018Pacto Federativo\u2019 mais justo"},"content":{"rendered":"<p>O candidato ao Senado Veneziano Vital do R\u00e9go (PSB) participou neste s\u00e1bado (22), da segunda etapa da \u2018Caravana do Trabalho\u2019 pelas cidades do Cariri do Estado, ao lado do candidato a Governador Jo\u00e3o Azev\u00eado (PSB) e demais membros da coliga\u00e7\u00e3o socialista, onde p\u00f4de sentir de perto o carinho e o reconhecimento dos paraibanos ao projeto do PSB. Ele assegurou que, no Senado, vai trabalhar para a negocia\u00e7\u00e3o de um acordo Federativo que melhore a divis\u00e3o dos recursos p\u00fablicos por habitante, nas unidades federativas, respeitando as condi\u00e7\u00f5es financeiras, regionais e locais.<\/p>\n<p>Veneziano n\u00e3o concorda com o atual processo de centraliza\u00e7\u00e3o de recursos arrecadados nos cofres do Governo Federal, contrariando o que preceitua a Constitui\u00e7\u00e3o de 1988, que indica uma maior descentraliza\u00e7\u00e3o dos programas e a\u00e7\u00f5es, como tamb\u00e9m dos recursos p\u00fablicos federais. Pelas cidades por onde a caravana passou, como: Zabel\u00ea; S\u00e3o Sebasti\u00e3o do Umbuzeiro; S\u00e3o Jo\u00e3o do Tigre; Camala\u00fa; Congo; Cara\u00fabas; Cabaceiras; Boqueir\u00e3o; Caturit\u00e9 e Queimadas, os gestores transmitiram a Veneziano a necessidade de uma reforma do Pacto Federativo, que possibilite uma rela\u00e7\u00e3o federativa que tenha como princ\u00edpio fundamental uma negocia\u00e7\u00e3o democr\u00e1tica e cooperativa, com equidade de responsabilidades quanto \u00e0 gera\u00e7\u00e3o e aplica\u00e7\u00e3o dos recursos p\u00fablicos, que os possibilite ampliar os servi\u00e7os p\u00fablicos em quantidade e qualidade para a popula\u00e7\u00e3o. Os Prefeitos tamb\u00e9m agradeceram as emendas de mais de R$ 5,8 milh\u00f5es destinadas por Veneziano a estas cidades. Veneziano tamb\u00e9m destacou a import\u00e2ncia da conclus\u00e3o do \u2018Anel do Cariri\u2019, maior obra rodovi\u00e1ria do \u2018Programa Caminhos da Para\u00edba\u2019, em caminhada com o governador Ricardo Coutinho no Cariri.<\/p>\n<p>Do PSD, o prefeito de Boqueir\u00e3o, Jo\u00e3o Paulo Segundo, destacou as qualidades de Veneziano que o far\u00e3o um senador com um olhar para as cidades. \u201c\u00c9 o melhor para a Para\u00edba. \u00c9 um pol\u00edtico com o qual poderemos contar no Senado\u201d, disse o Prefeito.<\/p>\n<p>\u201cNosso objetivo \u00e9 unir essas for\u00e7as que acreditam que podemos e faremos um mandato municipalista no Senado, pois, como Jo\u00e3o Paulo e outros, tive a oportunidade de gerir um poder executivo e entender o que passam os gestores municipais\u201d, disse Veneziano.<\/p>\n<p>A Caravana do Cariri se despediu em Queimadas, onde o Prefeito Carlinhos de Ti\u00e3o e seu irm\u00e3o, o Deputado Estadual Doda de Ti\u00e3o, promoveram um dos maiores com\u00edcios da hist\u00f3ria da cidade. \u201cEssa \u00e9 minha terra, de um povo que sabe literalmente que Campina e Queimadas se confundem e que ter\u00e3o em mim o mesmo Veneziano das mesmas ra\u00edzes e das mesmas caminhadas, que tem na minha pessoa o compromisso com o Cariri\u201d, afirmou Veneziano.<\/p>\n<p>Participaram da \u2018Caravana do Trabalho\u2019 diversos candidatos a candidatos a Deputados Estaduais, Federais, Prefeitos, Vereadores e lideran\u00e7as regionais.<\/p>\n<p>Para\u00edba j\u00e1<\/p>\n<p>Cariri Em A\u00e7\u00e3o<\/p>\n<p>Leia mais not\u00edcias em\u00a0<a href=\"https:\/\/www.caririemacao.com\/\">caririemacao.com<\/a>, siga nossa p\u00e1gina no\u00a0<a href=\"https:\/\/www.facebook.com\/CaririEmAcao\/?ref=aymt_homepage_panel\">Facebook<\/a>,\u00a0<a href=\"https:\/\/www.instagram.com\/cariri_em_acao\/?hl=pt-br\">Instagram<\/a>\u00a0e\u00a0<a href=\"https:\/\/www.youtube.com\/channel\/UCAptA0jQuYQy8vMhLt2m4qg\">Youtube<\/a>\u00a0e veja nossas mat\u00e9rias, v\u00eddeos e fotos. Voc\u00ea tamb\u00e9m pode enviar informa\u00e7\u00f5es \u00e0 Reda\u00e7\u00e3o do Portal Cariri em A\u00e7\u00e3o pelo WhatsApp (83) 9 9634.5791, (83) 9 9601-1162.<\/p>\n","protected":false},"excerpt":{"rendered":"<p>O candidato ao Senado Veneziano Vital do R\u00e9go (PSB) participou neste s\u00e1bado (22), da segunda etapa da \u2018Caravana do Trabalho\u2019 pelas cidades do Cariri do&hellip; <\/p>\n","protected":false},"author":1,"featured_media":34645,"comment_status":"closed","ping_status":"closed","sticky":false,"template":"","format":"standard","meta":{"sfsi_plus_gutenberg_text_before_share":"","sfsi_plus_gutenberg_show_text_before_share":"","sfsi_plus_gutenberg_icon_type":"","sfsi_plus_gutenberg_icon_alignemt":"","sfsi_plus_gutenburg_max_per_row":"","footnotes":""},"categories":[11],"tags":[],"class_list":["post-65798","post","type-post","status-publish","format-standard","has-post-thumbnail","hentry","category-politica"],"_links":{"self":[{"href":"https:\/\/www.caririemacao.com\/1\/wp-json\/wp\/v2\/posts\/65798","targetHints":{"allow":["GET"]}}],"collection":[{"href":"https:\/\/www.caririemacao.com\/1\/wp-json\/wp\/v2\/posts"}],"about":[{"href":"https:\/\/www.caririemacao.com\/1\/wp-json\/wp\/v2\/types\/post"}],"author":[{"embeddable":true,"href":"https:\/\/www.caririemacao.com\/1\/wp-json\/wp\/v2\/users\/1"}],"replies":[{"embeddable":true,"href":"https:\/\/www.caririemacao.com\/1\/wp-json\/wp\/v2\/comments?post=65798"}],"version-history":[{"count":1,"href":"https:\/\/www.caririemacao.com\/1\/wp-json\/wp\/v2\/posts\/65798\/revisions"}],"predecessor-version":[{"id":65800,"href":"https:\/\/www.caririemacao.com\/1\/wp-json\/wp\/v2\/posts\/65798\/revisions\/65800"}],"wp:featuredmedia":[{"embeddable":true,"href":"https:\/\/www.caririemacao.com\/1\/wp-json\/wp\/v2\/media\/34645"}],"wp:attachment":[{"href":"https:\/\/www.caririemacao.com\/1\/wp-json\/wp\/v2\/media?parent=65798"}],"wp:term":[{"taxonomy":"category","embeddable":true,"href":"https:\/\/www.caririemacao.com\/1\/wp-json\/wp\/v2\/categories?post=65798"},{"taxonomy":"post_tag","embeddable":true,"href":"https:\/\/www.caririemacao.com\/1\/wp-json\/wp\/v2\/tags?post=65798"}],"curies":[{"name":"wp","href":"https:\/\/api.w.org\/{rel}","templated":true}]}}