{"id":65804,"date":"2018-09-23T11:27:17","date_gmt":"2018-09-23T14:27:17","guid":{"rendered":"http:\/\/www.caririemacao.com\/1\/?p=65804"},"modified":"2018-09-23T11:27:17","modified_gmt":"2018-09-23T14:27:17","slug":"mec-libera-r-89-milhoes-para-obras-emergenciais-no-museu-nacional","status":"publish","type":"post","link":"https:\/\/www.caririemacao.com\/1\/2018\/09\/23\/mec-libera-r-89-milhoes-para-obras-emergenciais-no-museu-nacional\/","title":{"rendered":"MEC libera R$ 8,9 milh\u00f5es para obras emergenciais no Museu Nacional"},"content":{"rendered":"<p>O Minist\u00e9rio da Educa\u00e7\u00e3o (MEC) liberou R$ 8,9 milh\u00f5es dos R$ 10 milh\u00f5es prometidos para obras emergenciais no Museu Nacional, afetado por um grande inc\u00eandio em\u00a0<span id=\"OBJ_PREFIX_DWT2677_com_zimbra_date\" role=\"link\">2 de setembro<\/span>. As verbas ser\u00e3o usadas para a contrata\u00e7\u00e3o da empresa que far\u00e1 as interven\u00e7\u00f5es no que sobrou do pr\u00e9dio. A libera\u00e7\u00e3o dos recursos tinha sido anunciada ontem pelo ministro da Educa\u00e7\u00e3o, Rossieli Soares.<\/p>\n<p>Segundo o MEC, essa primeira etapa de interven\u00e7\u00f5es dever\u00e1 durar 180 dias, de acordo com cronograma apresentado pela Universidade Federal do Rio<span id=\"OBJ_PREFIX_DWT2678_com_zimbra_date\" role=\"link\">\u00a0de Janeiro<\/span>(UFRJ), que administra o museu. A execu\u00e7\u00e3o das obras ficar\u00e1 a cargo da Concrejato Engenharia, que participou da reconstru\u00e7\u00e3o do Museu da L\u00edngua Portuguesa, em S\u00e3o Paulo, destru\u00eddo tamb\u00e9m por um inc\u00eandio em 2015.<\/p>\n<p>Os R$ 8,9 milh\u00f5es dever\u00e3o ser usados no escoramento estrutural do pr\u00e9dio, para evitar desabamentos e garantir a conclus\u00e3o da per\u00edcia pela Pol\u00edcia Federal; na cobertura provis\u00f3ria do museu (j\u00e1 que grande parte do telhado foi destru\u00edda) e no fechamento de esquadrias.<\/p>\n<p>A verba tamb\u00e9m ser\u00e1 usada para a retirada dos escombros, que deve ser feita com cautela, a fim de separar o que \u00e9 entulho do que \u00e9 acervo.<\/p>\n<p>O restante, cerca de R$ 1 milh\u00e3o, ser\u00e1 usado em laborat\u00f3rios e outros espa\u00e7os necess\u00e1rios para a universidade. O MEC informou que aguarda um projeto da UFRJ para liberar essa verba.<\/p>\n<p>Ag\u00eancia Brasil<\/p>\n<p>Cariri Em A\u00e7\u00e3o<\/p>\n<p>Leia mais not\u00edcias em\u00a0<a href=\"https:\/\/www.caririemacao.com\/\">caririemacao.com<\/a>, siga nossa p\u00e1gina no\u00a0<a href=\"https:\/\/www.facebook.com\/CaririEmAcao\/?ref=aymt_homepage_panel\">Facebook<\/a>,\u00a0<a href=\"https:\/\/www.instagram.com\/cariri_em_acao\/?hl=pt-br\">Instagram<\/a>\u00a0e\u00a0<a href=\"https:\/\/www.youtube.com\/channel\/UCAptA0jQuYQy8vMhLt2m4qg\">Youtube<\/a>\u00a0e veja nossas mat\u00e9rias, v\u00eddeos e fotos. Voc\u00ea tamb\u00e9m pode enviar informa\u00e7\u00f5es \u00e0 Reda\u00e7\u00e3o do Portal Cariri em A\u00e7\u00e3o pelo WhatsApp (83) 9 9634.5791, (83) 9 9601-1162.<\/p>\n","protected":false},"excerpt":{"rendered":"<p>O Minist\u00e9rio da Educa\u00e7\u00e3o (MEC) liberou R$ 8,9 milh\u00f5es dos R$ 10 milh\u00f5es prometidos para obras emergenciais no Museu Nacional, afetado por um grande inc\u00eandio&hellip; <\/p>\n","protected":false},"author":1,"featured_media":65805,"comment_status":"closed","ping_status":"closed","sticky":false,"template":"","format":"standard","meta":{"sfsi_plus_gutenberg_text_before_share":"","sfsi_plus_gutenberg_show_text_before_share":"","sfsi_plus_gutenberg_icon_type":"","sfsi_plus_gutenberg_icon_alignemt":"","sfsi_plus_gutenburg_max_per_row":"","footnotes":""},"categories":[14],"tags":[],"class_list":["post-65804","post","type-post","status-publish","format-standard","has-post-thumbnail","hentry","category-educacao"],"_links":{"self":[{"href":"https:\/\/www.caririemacao.com\/1\/wp-json\/wp\/v2\/posts\/65804","targetHints":{"allow":["GET"]}}],"collection":[{"href":"https:\/\/www.caririemacao.com\/1\/wp-json\/wp\/v2\/posts"}],"about":[{"href":"https:\/\/www.caririemacao.com\/1\/wp-json\/wp\/v2\/types\/post"}],"author":[{"embeddable":true,"href":"https:\/\/www.caririemacao.com\/1\/wp-json\/wp\/v2\/users\/1"}],"replies":[{"embeddable":true,"href":"https:\/\/www.caririemacao.com\/1\/wp-json\/wp\/v2\/comments?post=65804"}],"version-history":[{"count":1,"href":"https:\/\/www.caririemacao.com\/1\/wp-json\/wp\/v2\/posts\/65804\/revisions"}],"predecessor-version":[{"id":65806,"href":"https:\/\/www.caririemacao.com\/1\/wp-json\/wp\/v2\/posts\/65804\/revisions\/65806"}],"wp:featuredmedia":[{"embeddable":true,"href":"https:\/\/www.caririemacao.com\/1\/wp-json\/wp\/v2\/media\/65805"}],"wp:attachment":[{"href":"https:\/\/www.caririemacao.com\/1\/wp-json\/wp\/v2\/media?parent=65804"}],"wp:term":[{"taxonomy":"category","embeddable":true,"href":"https:\/\/www.caririemacao.com\/1\/wp-json\/wp\/v2\/categories?post=65804"},{"taxonomy":"post_tag","embeddable":true,"href":"https:\/\/www.caririemacao.com\/1\/wp-json\/wp\/v2\/tags?post=65804"}],"curies":[{"name":"wp","href":"https:\/\/api.w.org\/{rel}","templated":true}]}}