{"id":65807,"date":"2018-09-23T11:33:58","date_gmt":"2018-09-23T14:33:58","guid":{"rendered":"http:\/\/www.caririemacao.com\/1\/?p=65807"},"modified":"2018-09-23T11:33:58","modified_gmt":"2018-09-23T14:33:58","slug":"caravana-do-trabalho-joao-garante-obras-e-diz-que-esta-pronto-para-governar-a-paraiba-durante-comicio-em-queimadas","status":"publish","type":"post","link":"https:\/\/www.caririemacao.com\/1\/2018\/09\/23\/caravana-do-trabalho-joao-garante-obras-e-diz-que-esta-pronto-para-governar-a-paraiba-durante-comicio-em-queimadas\/","title":{"rendered":"Caravana do Trabalho: Jo\u00e3o garante obras e diz que est\u00e1 pronto para governar a Para\u00edba durante com\u00edcio em Queimadas"},"content":{"rendered":"<p class=\"p3\">O candidato do PSB ao Governo do Estado, Jo\u00e3o Azev\u00eado, e o governador Ricardo Coutinho comandaram, neste s\u00e1bado (22), a segunda parte da Caravana do Trabalho pelo Cariri paraibano. A comitiva socialista percorreu o anel do Cariri, e passou por Zabel\u00ea, S\u00e3o Sebasti\u00e3o do Umbuzeiro, S\u00e3o Jo\u00e3o do Tigre, Camala\u00fa, Congo, Cara\u00fabas, S\u00e3o Domingos do Cariri, Cabaceiras, Boqueir\u00e3o, Caturit\u00e9 e terminou com um com\u00edcio em Queimadas. Jo\u00e3o destacou as obras da atual gest\u00e3o na regi\u00e3o, assumiu compromissos e agradeceu as recep\u00e7\u00f5es por todas as cidades.<\/p>\n<p class=\"p3\">Ap\u00f3s a largada em Zabel\u00ea, a caravana chegou em S\u00e3o Sebasti\u00e3o do Umbuzeiro, onde Jo\u00e3o e Ricardo foram saudados pela popula\u00e7\u00e3o. Para Jo\u00e3o, \u00e9 poss\u00edvel avan\u00e7ar ainda mais na Para\u00edba e ele oferece essa possibilidade. \u201cEstou aqui representando um projeto que melhorou a Para\u00edba. Podem dizer que o Cariri vai seguir tendo o cuidado de nosso governo. N\u00e3o descansarei nenhum minuto da minha vida, para fazer a Para\u00edba seguir avan\u00e7ando\u201d, afirmou Jo\u00e3o. \u201cNo dia 7 de outubro a Para\u00edba vai optar pelo trabalho e pela independ\u00eancia\u201d, completou.<\/p>\n<p class=\"p3\">Em S\u00e3o Jo\u00e3o do Tigre, Jo\u00e3o salientou o car\u00e1ter republicano da gest\u00e3o do PSB, e destacou a obra do anel do Cariri, com mais de 200 quil\u00f4metros de estradas. \u201cNosso governo tem a capacidade de fazer a grande obra, mas tamb\u00e9m atender as demandas das pequenas comunidades\u201d, lembrou o socialista. Na cidade, Jo\u00e3o projetou o resultado da elei\u00e7\u00e3o: \u201cS\u00e3o Jo\u00e3o do Tigre vai dar exemplo de como se vota para o Cariri. Vamos dar uma lapada de votos no 40 aqui\u201d.<\/p>\n<p class=\"p3\">Na quarta parada da comitiva, em Camala\u00fa, Jo\u00e3o falou sobre a import\u00e2ncia do Or\u00e7amento Democr\u00e1tico para as a\u00e7\u00f5es otimizadas do Governo do Estado. Conforme o socialista, chegar nas regi\u00f5es do estado e notar a recep\u00e7\u00e3o do povo \u00e9 a concretiza\u00e7\u00e3o de que a mensagem do projeto do PSB se consolidou. \u201cTenho certeza que no dia 7 voc\u00eas v\u00e3o cravar o 40 nas urnas. Os pr\u00eamios que recebemos \u00e9 um reconhecimento \u00e0 forma de governar de Ricardo, e \u00e9 isso que vamos continuar\u201d, declarou Jo\u00e3o.<\/p>\n<p class=\"p3\">No Congo, Jo\u00e3o revelou uma liga\u00e7\u00e3o pessoal com o munic\u00edpio, quando na juventude visitava a regi\u00e3o para tomar banho no Rabo do Pav\u00e3o e almo\u00e7ar em restaurantes tradicionais, acompanhado por um grande amigo nativo da cidade. Ele tamb\u00e9m destacou que o \u201cCongo \u00e9 o centro do mundo\u201d, j\u00e1 que agora existem estradas para todos os cantos do estado. \u201cIsso foi obra de muito trabalho. Foi a\u00e7\u00e3o de um projeto que entendeu que deveria incluir esta cidade numa rota de desenvolvimento. Ver a felicidade das pessoas usando uma obra \u00e9 o que chamo de sal\u00e1rio moral. Com \u00e1gua e estrada, na nova fase vamos levar mais desenvolvimento ao Congo\u201d, disse Jo\u00e3o.<\/p>\n<p class=\"p3\">Na regi\u00e3o de Cara\u00fabas, foi a vez de Jo\u00e3o ressaltar que a Para\u00edba n\u00e3o pode cair em m\u00e3os erradas. Conforme Jo\u00e3o, uma chapa tem um candidato que n\u00e3o fez nada pelo estado em tr\u00eas mandatos, e a outra nem diz a que veio, sendo al\u00e7ado a candidato apenas por ser irm\u00e3o g\u00eameo do prefeito de Jo\u00e3o Pessoa. \u201cTudo que foi constru\u00eddo n\u00e3o pode ficar pelo caminho. N\u00e3o podemos permitir que o legado de Ricardo caia em m\u00e3os erradas\u201d, declarou o socialista. Para Jo\u00e3o, uma chapa representa as oligarquias e outra o atraso.<\/p>\n<p class=\"p3\">As pol\u00edticas p\u00fablicas de inclus\u00e3o e a obra do anel do Cariri foram destacadas por Jo\u00e3o durante a passagem por S\u00e3o Domingos do Cariri. \u201cQue bom que pudemos fazer o trajeto da caravana pela maior obra que essa regi\u00e3o j\u00e1 viu, que \u00e9 o anel do Cariri. Essa obra que trouxe desenvolvimento, avan\u00e7os e melhorias para essa regi\u00e3o. Vamos fazer mais do que j\u00e1 foi feito at\u00e9 agora, \u00e9 isso que estamos propondo aqui. Vamos dar o salto sobre o grande salto\u201d, disse. \u201cA nova Para\u00edba \u00e9 mais justa e inclusiva\u201d, completou, citando o olhar especial de Ricardo com pol\u00edticas de inclus\u00e3o para ind\u00edgenas, negros, mulheres e LGBTs.<\/p>\n<p class=\"p3\">A oitava parada da caravana foi Cabaceiras. Na cidade, Jo\u00e3o garantiu a constru\u00e7\u00e3o da estrada que leva a Boa Vista. E foi al\u00e9m: construir\u00e1 mais 50 escolas de tempo integral no estado a partir de fevereiro do pr\u00f3ximo ano. \u201cO Cariri alaranjou. Essa ser\u00e1 a vit\u00f3ria n\u00e3o de uma pessoa, mas de um projeto que tem compromisso com a Para\u00edba. O Cariri que antes n\u00e3o tinha sequer presen\u00e7a dos governantes, recebeu dois dias de caravana, para voc\u00eas entenderem a import\u00e2ncia da regi\u00e3o\u201d, afirmou Jo\u00e3o. Para ele, a nova Para\u00edba precisa de mais um ciclo de melhorias, para a partir da\u00ed andar sozinha, mesmo que alguns n\u00e3o queiram.<\/p>\n<p class=\"p3\">\u201cUma demonstra\u00e7\u00e3o clara de apoio ao projeto do PSB\u201d. Foi assim que Jo\u00e3o definiu sua recep\u00e7\u00e3o em Boqueir\u00e3o. Conforme o socialista, a nova Para\u00edba foi constru\u00edda com muito suor pelo maior governador da hist\u00f3ria da Para\u00edba \u2013 Ricardo Coutinho. \u201cA presen\u00e7a do governo est\u00e1 em cada canto\u201d, ressaltou. Na oportunidade, ele ainda lembrou o imbr\u00f3glio \u2013 travado com opositores \u2013 para libera\u00e7\u00e3o das \u00e1guas do a\u00e7ude no ano passado. \u201cFico imensamente satifesito de ver um mar de gente desse mostrando que vai votar no 40\u201d, disse. \u201cVamos dar uma lapada de votos na pol\u00edtica antiga\u201d, encerrou.<\/p>\n<p class=\"p3\">Na d\u00e9cima parada da comitiva, em Caturit\u00e9, atendendo um pedido do prefeito, Jo\u00e3o se comprometeu em viabilizar o mais r\u00e1pido poss\u00edvel uma adutora para o munic\u00edpio. \u201cVamos seguir fazendo parcerias. A for\u00e7a e a determina\u00e7\u00e3o do trabalho de Ricardo \u00e9 o que trazemos como marca e objetivo\u201d, destacou Jo\u00e3o.<\/p>\n<p>Blog do Gordinho<\/p>\n<p>Cariri Em A\u00e7\u00e3o<\/p>\n<p>Leia mais not\u00edcias em\u00a0<a href=\"https:\/\/www.caririemacao.com\/\">caririemacao.com<\/a>, siga nossa p\u00e1gina no\u00a0<a href=\"https:\/\/www.facebook.com\/CaririEmAcao\/?ref=aymt_homepage_panel\">Facebook<\/a>,\u00a0<a href=\"https:\/\/www.instagram.com\/cariri_em_acao\/?hl=pt-br\">Instagram<\/a>\u00a0e\u00a0<a href=\"https:\/\/www.youtube.com\/channel\/UCAptA0jQuYQy8vMhLt2m4qg\">Youtube<\/a>\u00a0e veja nossas mat\u00e9rias, v\u00eddeos e fotos. Voc\u00ea tamb\u00e9m pode enviar informa\u00e7\u00f5es \u00e0 Reda\u00e7\u00e3o do Portal Cariri em A\u00e7\u00e3o pelo WhatsApp (83) 9 9634.5791, (83) 9 9601-1162.<\/p>\n","protected":false},"excerpt":{"rendered":"<p>O candidato do PSB ao Governo do Estado, Jo\u00e3o Azev\u00eado, e o governador Ricardo Coutinho comandaram, neste s\u00e1bado (22), a segunda parte da Caravana do&hellip; <\/p>\n","protected":false},"author":1,"featured_media":57386,"comment_status":"closed","ping_status":"closed","sticky":false,"template":"","format":"standard","meta":{"sfsi_plus_gutenberg_text_before_share":"","sfsi_plus_gutenberg_show_text_before_share":"","sfsi_plus_gutenberg_icon_type":"","sfsi_plus_gutenberg_icon_alignemt":"","sfsi_plus_gutenburg_max_per_row":"","footnotes":""},"categories":[1],"tags":[],"class_list":["post-65807","post","type-post","status-publish","format-standard","has-post-thumbnail","hentry","category-o-site"],"_links":{"self":[{"href":"https:\/\/www.caririemacao.com\/1\/wp-json\/wp\/v2\/posts\/65807","targetHints":{"allow":["GET"]}}],"collection":[{"href":"https:\/\/www.caririemacao.com\/1\/wp-json\/wp\/v2\/posts"}],"about":[{"href":"https:\/\/www.caririemacao.com\/1\/wp-json\/wp\/v2\/types\/post"}],"author":[{"embeddable":true,"href":"https:\/\/www.caririemacao.com\/1\/wp-json\/wp\/v2\/users\/1"}],"replies":[{"embeddable":true,"href":"https:\/\/www.caririemacao.com\/1\/wp-json\/wp\/v2\/comments?post=65807"}],"version-history":[{"count":1,"href":"https:\/\/www.caririemacao.com\/1\/wp-json\/wp\/v2\/posts\/65807\/revisions"}],"predecessor-version":[{"id":65808,"href":"https:\/\/www.caririemacao.com\/1\/wp-json\/wp\/v2\/posts\/65807\/revisions\/65808"}],"wp:featuredmedia":[{"embeddable":true,"href":"https:\/\/www.caririemacao.com\/1\/wp-json\/wp\/v2\/media\/57386"}],"wp:attachment":[{"href":"https:\/\/www.caririemacao.com\/1\/wp-json\/wp\/v2\/media?parent=65807"}],"wp:term":[{"taxonomy":"category","embeddable":true,"href":"https:\/\/www.caririemacao.com\/1\/wp-json\/wp\/v2\/categories?post=65807"},{"taxonomy":"post_tag","embeddable":true,"href":"https:\/\/www.caririemacao.com\/1\/wp-json\/wp\/v2\/tags?post=65807"}],"curies":[{"name":"wp","href":"https:\/\/api.w.org\/{rel}","templated":true}]}}