{"id":65809,"date":"2018-09-23T11:37:05","date_gmt":"2018-09-23T14:37:05","guid":{"rendered":"http:\/\/www.caririemacao.com\/1\/?p=65809"},"modified":"2018-09-23T11:37:05","modified_gmt":"2018-09-23T14:37:05","slug":"tse-faz-cerco-a-desvios-no-fundo-de-campanha-eleitoral","status":"publish","type":"post","link":"https:\/\/www.caririemacao.com\/1\/2018\/09\/23\/tse-faz-cerco-a-desvios-no-fundo-de-campanha-eleitoral\/","title":{"rendered":"TSE faz cerco a desvios no fundo de campanha eleitoral"},"content":{"rendered":"<p>O\u00a0Tribunal Superior Eleitoral (TSE)\u00a0usar\u00e1 uma\u00a0for\u00e7a-tarefa\u00a0\u2014 integrada pela Procuradora da Rep\u00fablica, Pol\u00edcia Federal e Receita Federal \u2014 para\u00a0fiscalizar as contas dos candidatos\u00a0nas elei\u00e7\u00f5es deste ano. Sem as doa\u00e7\u00f5es de empresas, fundos p\u00fablicos de R$ 2,5 bilh\u00f5es bancar\u00e3o as campanhas.<\/p>\n<p class=\"p4\">A presta\u00e7\u00e3o de contas ser\u00e1 cruzada com o banco de dados da Receita Federal para checar se o fornecedor, pago com dinheiro p\u00fablico, realmente tinha capacidade de entregar os servi\u00e7os ou se desviou a verba para outra finalidade, que n\u00e3o a disputa eleitoral.<\/p>\n<p class=\"p4\">Ind\u00edcios de desvio ocorriam mesmo quando o financiamento era privado. A Justi\u00e7a Eleitoral investigou as contas da campanha de 2014 da ex-presidente Dilma Rousseff pelo pagamento de R$ 53 milh\u00f5es a tr\u00eas gr\u00e1ficas, suspeitas de n\u00e3o prestarem os servi\u00e7os.<\/p>\n<p class=\"p4\">Uma delas, a VTPB Servi\u00e7os Gr\u00e1ficos, trocou o nome para Ponto Eleitoral e voltou \u00e0 ativa nas elei\u00e7\u00f5es de 2018. At\u00e9 agora, recebeu R$ 290 mil do ex-presidente dos Correios Guilherme Campos (PSD-SP), candidato a deputado federal. Ele disse que n\u00e3o h\u00e1 impedimento na contrata\u00e7\u00e3o. O advogado Miguel Pereira Neto afirma que a empresa nunca cometeu irregularidades.<\/p>\n<p class=\"p4\">Candidata a senadora por Minas Gerais, Dilma recebeu R$ 4 milh\u00f5es do fundo p\u00fablico. Contratou, por R$ 2,1 milh\u00f5es, a Est\u00fadio Santa L\u00facia, cujo propriet\u00e1rio j\u00e1 enfrentou suspeitas de caixa dois na campanha do governador mineiro Fernando Pimentel (PT), em 2014. A assessoria de Dilma afirma que, ap\u00f3s quatro anos de investiga\u00e7\u00e3o da Pol\u00edcia Federal, nada ficou comprovado.<\/p>\n<p class=\"p4\">Contemplado com verba de R$ 20 milh\u00f5es do fundo especial, o presidenci\u00e1vel Ciro Gomes (PDT) tem a produtora MPB Estrat\u00e9gia e Cria\u00e7\u00e3o como maior fornecedora, pelo valor de R$ 2,3 milh\u00f5es. O empres\u00e1rio Eduardo Freiha foi condenado a quatro anos de pris\u00e3o por evas\u00e3o de divisas, em 2015, numa a\u00e7\u00e3o derivada do mensal\u00e3o. A Justi\u00e7a extinguiu a punibilidade por prescri\u00e7\u00e3o da pena. Procurado, Ciro preferiu n\u00e3o comentar o caso.<\/p>\n<p class=\"p4\">O senador Garibaldi Filho (MDB-RN) e o governador do Rio Grande do Norte, Robinson Faria (PSD), contrataram a Ecoar Ag\u00eancia por valores que somam R$ 1 milh\u00e3o. A empresa foi citada na dela\u00e7\u00e3o da JBS como destinat\u00e1ria de propina em 2014. A Ecoar nega ter recebido. Os candidatos afirmam que a empresa tem \u201creconhecida qualifica\u00e7\u00e3o profissional\u201d.<\/p>\n<p>Blog do Gordinho<\/p>\n<p>Cariri Em A\u00e7\u00e3o<\/p>\n<p>Leia mais not\u00edcias em\u00a0<a href=\"https:\/\/www.caririemacao.com\/\">caririemacao.com<\/a>, siga nossa p\u00e1gina no\u00a0<a href=\"https:\/\/www.facebook.com\/CaririEmAcao\/?ref=aymt_homepage_panel\">Facebook<\/a>,\u00a0<a href=\"https:\/\/www.instagram.com\/cariri_em_acao\/?hl=pt-br\">Instagram<\/a>\u00a0e\u00a0<a href=\"https:\/\/www.youtube.com\/channel\/UCAptA0jQuYQy8vMhLt2m4qg\">Youtube<\/a>\u00a0e veja nossas mat\u00e9rias, v\u00eddeos e fotos. Voc\u00ea tamb\u00e9m pode enviar informa\u00e7\u00f5es \u00e0 Reda\u00e7\u00e3o do Portal Cariri em A\u00e7\u00e3o pelo WhatsApp (83) 9 9634.5791, (83) 9 9601-1162.<\/p>\n","protected":false},"excerpt":{"rendered":"<p>O\u00a0Tribunal Superior Eleitoral (TSE)\u00a0usar\u00e1 uma\u00a0for\u00e7a-tarefa\u00a0\u2014 integrada pela Procuradora da Rep\u00fablica, Pol\u00edcia Federal e Receita Federal \u2014 para\u00a0fiscalizar as contas dos candidatos\u00a0nas elei\u00e7\u00f5es deste ano. Sem&hellip; <\/p>\n","protected":false},"author":1,"featured_media":65811,"comment_status":"closed","ping_status":"closed","sticky":false,"template":"","format":"standard","meta":{"sfsi_plus_gutenberg_text_before_share":"","sfsi_plus_gutenberg_show_text_before_share":"","sfsi_plus_gutenberg_icon_type":"","sfsi_plus_gutenberg_icon_alignemt":"","sfsi_plus_gutenburg_max_per_row":"","footnotes":""},"categories":[11],"tags":[],"class_list":["post-65809","post","type-post","status-publish","format-standard","has-post-thumbnail","hentry","category-politica"],"_links":{"self":[{"href":"https:\/\/www.caririemacao.com\/1\/wp-json\/wp\/v2\/posts\/65809","targetHints":{"allow":["GET"]}}],"collection":[{"href":"https:\/\/www.caririemacao.com\/1\/wp-json\/wp\/v2\/posts"}],"about":[{"href":"https:\/\/www.caririemacao.com\/1\/wp-json\/wp\/v2\/types\/post"}],"author":[{"embeddable":true,"href":"https:\/\/www.caririemacao.com\/1\/wp-json\/wp\/v2\/users\/1"}],"replies":[{"embeddable":true,"href":"https:\/\/www.caririemacao.com\/1\/wp-json\/wp\/v2\/comments?post=65809"}],"version-history":[{"count":1,"href":"https:\/\/www.caririemacao.com\/1\/wp-json\/wp\/v2\/posts\/65809\/revisions"}],"predecessor-version":[{"id":65812,"href":"https:\/\/www.caririemacao.com\/1\/wp-json\/wp\/v2\/posts\/65809\/revisions\/65812"}],"wp:featuredmedia":[{"embeddable":true,"href":"https:\/\/www.caririemacao.com\/1\/wp-json\/wp\/v2\/media\/65811"}],"wp:attachment":[{"href":"https:\/\/www.caririemacao.com\/1\/wp-json\/wp\/v2\/media?parent=65809"}],"wp:term":[{"taxonomy":"category","embeddable":true,"href":"https:\/\/www.caririemacao.com\/1\/wp-json\/wp\/v2\/categories?post=65809"},{"taxonomy":"post_tag","embeddable":true,"href":"https:\/\/www.caririemacao.com\/1\/wp-json\/wp\/v2\/tags?post=65809"}],"curies":[{"name":"wp","href":"https:\/\/api.w.org\/{rel}","templated":true}]}}