{"id":65813,"date":"2018-09-23T11:43:44","date_gmt":"2018-09-23T14:43:44","guid":{"rendered":"http:\/\/www.caririemacao.com\/1\/?p=65813"},"modified":"2018-09-23T11:43:44","modified_gmt":"2018-09-23T14:43:44","slug":"campanha-de-incentivo-a-doacao-de-orgaos-e-tecidos-comeca-reunindo-transplantados","status":"publish","type":"post","link":"https:\/\/www.caririemacao.com\/1\/2018\/09\/23\/campanha-de-incentivo-a-doacao-de-orgaos-e-tecidos-comeca-reunindo-transplantados\/","title":{"rendered":"Campanha de incentivo \u00e0 doa\u00e7\u00e3o de \u00f3rg\u00e3os e tecidos come\u00e7a reunindo transplantados"},"content":{"rendered":"<p>\u201cSobrevivi e estou aqui para falar de amor\u201d; \u201cPrecisamos conversar mais com os nossos sobre a nossa vontade de ser doador\u201d; \u201cFalar de doa\u00e7\u00e3o \u00e9 falar de vida\u201d. Frases como estas deram o tom da abertura da\u00a018\u00aa Campanha Estadual para Doa\u00e7\u00e3o de \u00d3rg\u00e3os e Tecidos, no final da tarde desse s\u00e1bado (22), no audit\u00f3rio da PBTur, na praia de Tamba\u00fa, em Jo\u00e3o Pessoa, com a presen\u00e7a de v\u00e1rios transplantados.<\/p>\n<p>A musicista \u00cdris Vasconcelos fez transplante de cora\u00e7\u00e3o h\u00e1 13 anos, em Jo\u00e3o Pessoa. Tinha o cora\u00e7\u00e3o crescido e passou nove meses na fila de espera. Segundo ela, o trabalho da Central \u00e9 fundamental no momento mais crucial da vida de qualquer pessoa que necessite de um transplante.<\/p>\n<p>\u201cO trabalho desta equipe \u00e9 muito importante, desde o momento de explicar o processo de transplante; agilizar para encontrar doador e fazer todo o acompanhamento. Isso tudo \u00e9 feito com muito afeto, carinho e assist\u00eancia profissional\u201d, disse.<\/p>\n<p>O palestrante tamb\u00e9m era transplantado. O publicit\u00e1rio Alexandre Barroso, de 59 anos, j\u00e1 fez tr\u00eas transplantes, dois de f\u00edgado e um de rim. O t\u00edtulo do livro dele, \u201cA \u00faltima vez que morri\u201d, demonstra o sofrimento de quem passou por anos de internamento, c\u00e2ncer, barriga d\u2019\u00e1gua, Hepatite C, 21 intercorr\u00eancias de coma e 11 cirurgias.<\/p>\n<p>Hoje, ap\u00f3s os transplantes, vive bem e pratica rapel, trilha com moto e bicicleta, corre, faz caminhada e nata\u00e7\u00e3o. \u201cOs transplantes me trouxeram at\u00e9 um amor novo. Conheci minha atual esposa num grupo de apoio a pessoas transplantadas\u201d, revelou.<\/p>\n<p>Alexandre faz parte do projeto \u201cJornada Asas do Bem\u201d, no qual quatro companhias a\u00e9reas proporcionam a participa\u00e7\u00e3o dele, fazendo palestras em v\u00e1rios estados pelo Setembro Verde, m\u00eas que simboliza a luta pela doa\u00e7\u00e3o em todo pa\u00eds.<\/p>\n<p>\u201cAcho muito importante compartilhar minha experi\u00eancia, ao mesmo tempo em que falo da import\u00e2ncia do ato de fazer doa\u00e7\u00e3o. E, diante do que vivi e da forma como me comportava, sempre gosto de deixar um questionamento em rela\u00e7\u00e3o \u00e0 qualidade de vida: o que voc\u00ea faz por voc\u00ea? O que come \u00e9 algo que lhe faz bem ou faz mal e voc\u00ea come mesmo assim? Faz atividade f\u00edsica?\u201d, pontuou.<\/p>\n<p>Com o tema \u201cAmar \u00e9\u2026 fazer a vida continuar! Doe \u00f3rg\u00e3os\u201d, a\u00a0Campanha acontece junto com a edi\u00e7\u00e3o nacional do Setembro Verde, na qual o la\u00e7o na cor verde \u00e9 o s\u00edmbolo da doa\u00e7\u00e3o de \u00f3rg\u00e3os e tecidos.\u00a0O Dia Nacional \u00e9 27 de setembro, por isso, todo ano \u00e9 realizada a Campanha Estadual junto com a Nacional, do Minist\u00e9rio da Sa\u00fade<\/p>\n<p>\u201c\u00c9 muito importante que as pessoas conversem com os seus familiares sobre o desejo de ser doador. Pois, no momento da morte, este \u00e9 um tema muito delicado para ser abordado\u201d,\u00a0disse a gestora da Central de Transplante, Gyanna Lys Montenegro.<\/p>\n<div id=\"attachment_505874\" class=\"wp-caption aligncenter\"><img decoding=\"async\" class=\"wp-image-505874 size-medium lazyloaded\" src=\"https:\/\/paraibaonline.com.br\/wp-content\/uploads\/2018\/09\/@fotosdecarol-doa%C3%A7%C3%A3o-de-%C3%B3rg%C3%A3os2-1-567x378.jpg\" sizes=\"(max-width: 567px) 100vw, 567px\" srcset=\"https:\/\/paraibaonline.com.br\/wp-content\/uploads\/2018\/09\/@fotosdecarol-doa\u00e7\u00e3o-de-\u00f3rg\u00e3os2-1-567x378.jpg 567w, https:\/\/paraibaonline.com.br\/wp-content\/uploads\/2018\/09\/@fotosdecarol-doa\u00e7\u00e3o-de-\u00f3rg\u00e3os2-1.jpg 800w\" alt=\"Foto: Secom\/PB\" data-lazy-src=\"https:\/\/paraibaonline.com.br\/wp-content\/uploads\/2018\/09\/@fotosdecarol-doa\u00e7\u00e3o-de-\u00f3rg\u00e3os2-1-567x378.jpg\" data-lazy-srcset=\"https:\/\/paraibaonline.com.br\/wp-content\/uploads\/2018\/09\/@fotosdecarol-doa\u00e7\u00e3o-de-\u00f3rg\u00e3os2-1-567x378.jpg 567w, https:\/\/paraibaonline.com.br\/wp-content\/uploads\/2018\/09\/@fotosdecarol-doa\u00e7\u00e3o-de-\u00f3rg\u00e3os2-1.jpg 800w\" data-lazy-sizes=\"(max-width: 567px) 100vw, 567px\" data-was-processed=\"true\" \/><\/p>\n<p class=\"wp-caption-text\">Foto: Secom\/PB<\/p>\n<\/div>\n<p><strong>Programa\u00e7\u00e3o<\/strong><\/p>\n<p>Ter\u00e7a-feira (25) \u2013 durante a manh\u00e3 e tarde \u2013 panfletagem no Centro Administrativo Estadual e na sede da SES.<\/p>\n<p>Quarta-feira (26) \u2013 8h30 \u2013 capacita\u00e7\u00e3o para os integrantes das\u00a0Comiss\u00f5es Intra-Hospitalares de Doa\u00e7\u00e3o de \u00d3rg\u00e3os e Tecidos para Transplante,\u00a0no Hospital de Trauma de Jo\u00e3o Pessoa, para m\u00e9dicos, enfermeiros, psic\u00f3logos, assistentes sociais e estudantes da \u00e1rea de sa\u00fade.<\/p>\n<p>Quinta-feira (27) \u2013 15h30 \u2013 culto ecum\u00eanico no audit\u00f3rio do Centro Tur\u00edstico de Tamba\u00fa, com a presen\u00e7a de parentes de doadores e receptores de \u00f3rg\u00e3os e tecidos, al\u00e9m de profissionais envolvidos no processo de doa\u00e7\u00e3o e transplante.<\/p>\n<p>Sexta-feira (28) \u2013 capacita\u00e7\u00e3o\u00a0para as comiss\u00f5es, no audit\u00f3rio 3 do CCBS, na UFCG, para m\u00e9dicos, enfermeiros, psic\u00f3logos, assistentes sociais e estudantes da \u00e1rea de sa\u00fade.<\/p>\n<p><strong>Dados\u00a0<\/strong>\u2013 Na Para\u00edba, atualmente, 499 pessoas aguardam por um transplante, sendo 329 de c\u00f3rnea; 164 ativos para rim e seis de f\u00edgado.<\/p>\n<p>At\u00e9 o dia 15 de setembro, foram realizados no estado 135 transplantes de c\u00f3rnea e 21 de rim. No ano passado, foram 117 transplantes de c\u00f3rnea e 26 de rim.<\/p>\n<p><strong>Central de Transplante<\/strong>\u00a0\u2013 A Central de Transplante da Para\u00edba (CET-PB) funciona h\u00e1 um ano no 1\u00ba andar do pr\u00e9dio anexo ao Hospital Estadual de Emerg\u00eancia e Trauma Senador Humberto Lucena, na capital. \u00c9 um \u00f3rg\u00e3o ligado \u00e0 Secretaria de Estado da Sa\u00fade.<\/p>\n<p>Para entrar em contato com a Central de Transplante e solicitar palestras, esclarecer d\u00favidas ou informar os \u00f3bitos:<\/p>\n<p><strong>1- Central de Transplante da PB (CET\/PB):\u00a0<\/strong><\/p>\n<p>E-mail:\u00a0<u><a href=\"mailto:transplante@gmail.com\">transplante@gmail.com<\/a><\/u>\u00a0\u2013 Telefones:\u00a0(83) 3244.6192 \/ 3225.6409 \/ 98845.3516. E o endere\u00e7o: Na Sala N\u00ba 10, do 1\u00ba andar do Pr\u00e9dio Anexo do Hospital Estadual de Emerg\u00eancia e Trauma Senador Humberto Lucena.<\/p>\n<p><strong>2- Organiza\u00e7\u00e3o \u00e0 Procura de \u00d3rg\u00e3os (OPO):\u00a0<\/strong><\/p>\n<p>E-mail:\u00a0<u><a href=\"mailto:opoparaiba@gmail.com\">opoparaiba@gmail.com<\/a><\/u>\u00a0\u2013 Telefone:\u00a0(83) 3216.5746.<\/p>\n<p><strong>3- N\u00facleo da CET\/PB em Campina Grande:\u00a0<\/strong><\/p>\n<p>E-mail:\u00a0<u><a href=\"mailto:nucleocampinagrande@gmail.com\">nucleocampinagrande@gmail.com<\/a><\/u>\u00a0\u2013 Telefone; (83) 3339.8578 \/ 3310.5850 R:5804<\/p>\n<p>Para\u00edba Online<\/p>\n<p>Cariri Em A\u00e7\u00e3o<\/p>\n<p>Leia mais not\u00edcias em\u00a0<a href=\"https:\/\/www.caririemacao.com\/\">caririemacao.com<\/a>, siga nossa p\u00e1gina no\u00a0<a href=\"https:\/\/www.facebook.com\/CaririEmAcao\/?ref=aymt_homepage_panel\">Facebook<\/a>,\u00a0<a href=\"https:\/\/www.instagram.com\/cariri_em_acao\/?hl=pt-br\">Instagram<\/a>\u00a0e\u00a0<a href=\"https:\/\/www.youtube.com\/channel\/UCAptA0jQuYQy8vMhLt2m4qg\">Youtube<\/a>\u00a0e veja nossas mat\u00e9rias, v\u00eddeos e fotos. Voc\u00ea tamb\u00e9m pode enviar informa\u00e7\u00f5es \u00e0 Reda\u00e7\u00e3o do Portal Cariri em A\u00e7\u00e3o pelo WhatsApp (83) 9 9634.5791, (83) 9 9601-1162.<\/p>\n","protected":false},"excerpt":{"rendered":"<p>\u201cSobrevivi e estou aqui para falar de amor\u201d; \u201cPrecisamos conversar mais com os nossos sobre a nossa vontade de ser doador\u201d; \u201cFalar de doa\u00e7\u00e3o \u00e9&hellip; <\/p>\n","protected":false},"author":1,"featured_media":65814,"comment_status":"closed","ping_status":"closed","sticky":false,"template":"","format":"standard","meta":{"sfsi_plus_gutenberg_text_before_share":"","sfsi_plus_gutenberg_show_text_before_share":"","sfsi_plus_gutenberg_icon_type":"","sfsi_plus_gutenberg_icon_alignemt":"","sfsi_plus_gutenburg_max_per_row":"","footnotes":""},"categories":[16],"tags":[],"class_list":["post-65813","post","type-post","status-publish","format-standard","has-post-thumbnail","hentry","category-saude"],"_links":{"self":[{"href":"https:\/\/www.caririemacao.com\/1\/wp-json\/wp\/v2\/posts\/65813","targetHints":{"allow":["GET"]}}],"collection":[{"href":"https:\/\/www.caririemacao.com\/1\/wp-json\/wp\/v2\/posts"}],"about":[{"href":"https:\/\/www.caririemacao.com\/1\/wp-json\/wp\/v2\/types\/post"}],"author":[{"embeddable":true,"href":"https:\/\/www.caririemacao.com\/1\/wp-json\/wp\/v2\/users\/1"}],"replies":[{"embeddable":true,"href":"https:\/\/www.caririemacao.com\/1\/wp-json\/wp\/v2\/comments?post=65813"}],"version-history":[{"count":1,"href":"https:\/\/www.caririemacao.com\/1\/wp-json\/wp\/v2\/posts\/65813\/revisions"}],"predecessor-version":[{"id":65815,"href":"https:\/\/www.caririemacao.com\/1\/wp-json\/wp\/v2\/posts\/65813\/revisions\/65815"}],"wp:featuredmedia":[{"embeddable":true,"href":"https:\/\/www.caririemacao.com\/1\/wp-json\/wp\/v2\/media\/65814"}],"wp:attachment":[{"href":"https:\/\/www.caririemacao.com\/1\/wp-json\/wp\/v2\/media?parent=65813"}],"wp:term":[{"taxonomy":"category","embeddable":true,"href":"https:\/\/www.caririemacao.com\/1\/wp-json\/wp\/v2\/categories?post=65813"},{"taxonomy":"post_tag","embeddable":true,"href":"https:\/\/www.caririemacao.com\/1\/wp-json\/wp\/v2\/tags?post=65813"}],"curies":[{"name":"wp","href":"https:\/\/api.w.org\/{rel}","templated":true}]}}