{"id":65816,"date":"2018-09-23T12:20:34","date_gmt":"2018-09-23T15:20:34","guid":{"rendered":"http:\/\/www.caririemacao.com\/1\/?p=65816"},"modified":"2018-09-23T12:20:34","modified_gmt":"2018-09-23T15:20:34","slug":"nota-do-prefeito-sandro-moco-de-camalau-aos-amigos","status":"publish","type":"post","link":"https:\/\/www.caririemacao.com\/1\/2018\/09\/23\/nota-do-prefeito-sandro-moco-de-camalau-aos-amigos\/","title":{"rendered":"Nota do prefeito Sandro M\u00f4co de Camala\u00fa aos amigos"},"content":{"rendered":"<p style=\"font-weight: 400;\">Sobre algumas declara\u00e7\u00f5es e alguns acontecimentos registrados neste s\u00e1bado (23) em Camala\u00fa:<\/p>\n<p style=\"font-weight: 400;\"><em>\u201c<\/em><em>N\u00e3o nasci em ber\u00e7o de ouro. N\u00e3o tenho sobrenome de peso dentro do cen\u00e1rio pol\u00edtico do Cariri, e nem muito menos no cen\u00e1rio estadual. Pelo contr\u00e1rio sou mais conhecido pelo meu apelido M\u00f4co, que uso quase como sobrenome.<\/em><\/p>\n<p style=\"font-weight: 400;\"><em>Criador de cabras sim, pois est\u00e1 \u00e9 uma honrada atividade dentro da cadeia produtiva do Cariri, regi\u00e3o que por sinal j\u00e1 chegou a ser o maior produtor de leite de cabra do pa\u00eds, ent\u00e3o acho que alguma contribui\u00e7\u00e3o tenho para levar o nome do meu Cariri \u00e0 p<\/em><em>osi\u00e7\u00f5es de destaque.<\/em><\/p>\n<p style=\"font-weight: 400;\"><em>Como criador de cabras aprendi a lutar e a buscar minhas vit\u00f3rias, com for\u00e7a, garra e determina\u00e7\u00e3o, e no meio do caminho aprendi que as vit\u00f3rias se alcan\u00e7am com o fruto do seu suor, e n\u00e3o com ataques gratuitos.<\/em><\/p>\n<p style=\"font-weight: 400;\"><em>Aprendi dentro da humildade de um criador de cabras, no\u00e7\u00f5es de respeito, como por exemplo, respeitar ao pr\u00f3ximo em qualquer ocasi\u00e3o, e principalmente respeitar as pessoas dentro de suas pr\u00f3prias casas.<\/em><\/p>\n<p style=\"font-weight: 400;\"><em>Respeito \u00e9 quest\u00e3o de educa\u00e7\u00e3o quando recebemos visitas. Aprendi a sempre tratar bem, e na condi\u00e7\u00e3o de visitante ainda mais, ter a humildade de agradecer a receptividade daqueles que nos acolhem.<\/em><\/p>\n<p style=\"font-weight: 400;\"><em>Se feri a algu\u00e9m com o fato de ser um criador de cabras pe\u00e7o perd\u00e3o. Se n\u00e3o tive a oportunidade do destino de ter nascido em ber\u00e7o de ouro, ao menos fui compensado e aprendi com gente de bem a ter outros valores, como humildade, dec\u00eancia e honestidade.<\/em><\/p>\n<p style=\"font-weight: 400;\"><em>Prefiro o cheiro forte da cabra e do bode com honestidade, do que o cheiro dos perfumes franceses comprados atrav\u00e9s do suor de um povo que \u00e9 sangrado e constantemente violentado pelas a\u00e7\u00f5es dos grandes e poderosos.\u201d<\/em><\/p>\n<p style=\"font-weight: 400;\">Sandro M\u00f4co- Prefeito<\/p>\n<p>Ascom\/Camala\u00fa<\/p>\n<p>Cariri Em A\u00e7\u00e3o<\/p>\n<p>Leia mais not\u00edcias em\u00a0<a href=\"https:\/\/www.caririemacao.com\/\">caririemacao.com<\/a>, siga nossa p\u00e1gina no\u00a0<a href=\"https:\/\/www.facebook.com\/CaririEmAcao\/?ref=aymt_homepage_panel\">Facebook<\/a>,\u00a0<a href=\"https:\/\/www.instagram.com\/cariri_em_acao\/?hl=pt-br\">Instagram<\/a>\u00a0e\u00a0<a href=\"https:\/\/www.youtube.com\/channel\/UCAptA0jQuYQy8vMhLt2m4qg\">Youtube<\/a>\u00a0e veja nossas mat\u00e9rias, v\u00eddeos e fotos. Voc\u00ea tamb\u00e9m pode enviar informa\u00e7\u00f5es \u00e0 Reda\u00e7\u00e3o do Portal Cariri em A\u00e7\u00e3o pelo WhatsApp (83) 9 9634.5791, (83) 9 9601-1162.<\/p>\n","protected":false},"excerpt":{"rendered":"<p>Sobre algumas declara\u00e7\u00f5es e alguns acontecimentos registrados neste s\u00e1bado (23) em Camala\u00fa: \u201cN\u00e3o nasci em ber\u00e7o de ouro. N\u00e3o tenho sobrenome de peso dentro do&hellip; <\/p>\n","protected":false},"author":1,"featured_media":15416,"comment_status":"closed","ping_status":"closed","sticky":false,"template":"","format":"standard","meta":{"sfsi_plus_gutenberg_text_before_share":"","sfsi_plus_gutenberg_show_text_before_share":"","sfsi_plus_gutenberg_icon_type":"","sfsi_plus_gutenberg_icon_alignemt":"","sfsi_plus_gutenburg_max_per_row":"","footnotes":""},"categories":[6],"tags":[],"class_list":["post-65816","post","type-post","status-publish","format-standard","has-post-thumbnail","hentry","category-cidades"],"_links":{"self":[{"href":"https:\/\/www.caririemacao.com\/1\/wp-json\/wp\/v2\/posts\/65816","targetHints":{"allow":["GET"]}}],"collection":[{"href":"https:\/\/www.caririemacao.com\/1\/wp-json\/wp\/v2\/posts"}],"about":[{"href":"https:\/\/www.caririemacao.com\/1\/wp-json\/wp\/v2\/types\/post"}],"author":[{"embeddable":true,"href":"https:\/\/www.caririemacao.com\/1\/wp-json\/wp\/v2\/users\/1"}],"replies":[{"embeddable":true,"href":"https:\/\/www.caririemacao.com\/1\/wp-json\/wp\/v2\/comments?post=65816"}],"version-history":[{"count":1,"href":"https:\/\/www.caririemacao.com\/1\/wp-json\/wp\/v2\/posts\/65816\/revisions"}],"predecessor-version":[{"id":65817,"href":"https:\/\/www.caririemacao.com\/1\/wp-json\/wp\/v2\/posts\/65816\/revisions\/65817"}],"wp:featuredmedia":[{"embeddable":true,"href":"https:\/\/www.caririemacao.com\/1\/wp-json\/wp\/v2\/media\/15416"}],"wp:attachment":[{"href":"https:\/\/www.caririemacao.com\/1\/wp-json\/wp\/v2\/media?parent=65816"}],"wp:term":[{"taxonomy":"category","embeddable":true,"href":"https:\/\/www.caririemacao.com\/1\/wp-json\/wp\/v2\/categories?post=65816"},{"taxonomy":"post_tag","embeddable":true,"href":"https:\/\/www.caririemacao.com\/1\/wp-json\/wp\/v2\/tags?post=65816"}],"curies":[{"name":"wp","href":"https:\/\/api.w.org\/{rel}","templated":true}]}}