{"id":65818,"date":"2018-09-23T12:29:53","date_gmt":"2018-09-23T15:29:53","guid":{"rendered":"http:\/\/www.caririemacao.com\/1\/?p=65818"},"modified":"2018-09-23T12:29:53","modified_gmt":"2018-09-23T15:29:53","slug":"vereador-ze-de-dita-anuncia-adesao-ao-grupo-do-prefeito-adriano-wolff-em-ss-do-umbuzeiro","status":"publish","type":"post","link":"https:\/\/www.caririemacao.com\/1\/2018\/09\/23\/vereador-ze-de-dita-anuncia-adesao-ao-grupo-do-prefeito-adriano-wolff-em-ss-do-umbuzeiro\/","title":{"rendered":"Vereador Z\u00e9 de dita anuncia ades\u00e3o ao grupo do prefeito Adriano Wolff em SS do Umbuzeiro"},"content":{"rendered":"<p style=\"font-weight: 400;\">O prefeito Adriano Wolff anunciou um grande refor\u00e7o para o seu grupo pol\u00edtico, o grupo da situa\u00e7\u00e3o na cidade de SS do Umbuzeiro.<\/p>\n<p style=\"font-weight: 400;\">Trata-se do vereador Z\u00e9 de Dita do MDB que confirmou oficialmente seu apoio ao projeto do prefeito Adriano Wolff , tanto \u00e0 n\u00edvel municipal quanto a n\u00edvel estadual neste s\u00e1bado durante a visita da \u201cCaravana do Trabalho\u201d.<\/p>\n<p style=\"font-weight: 400;\">O vereador Z\u00e9 de dita alegou que a principal raz\u00e3o da dcis\u00e3o foi em reconhecimento ao trabalho da gest\u00e3o do prefeito Adriano sempre buscando o melhor para o munic\u00edpio.<\/p>\n<p style=\"font-weight: 400;\">\u201cEstou ao lado de quem quer o bem do munic\u00edpio e da popula\u00e7\u00e3o. Adriano sempre atendeu meus pleitos principalmente na \u00e1rea do esporte onde tenho um trabalho, sem olhar cor partid\u00e1ria, e isso \u00e9 muito importante\u201d, disse Z\u00e9 de dita.<\/p>\n<p style=\"font-weight: 400;\">Z\u00e9 de dita tamb\u00e9m apoia os candidatos Adriano Galdino para deputado estadual e Efraim Filho, para deputado federal.<\/p>\n<p style=\"font-weight: 400;\">\u201cZ\u00e9 de dita \u00e9 um grande quadro na pol\u00edtica umbuzeirense. Homem honrado, respeitado e que vem a somar demais ao nosso projeto de uni\u00e3o e de luta pelo povo de nossa querida cidade\u201d, disse o prefeito Adriano Wolff.<\/p>\n<p style=\"font-weight: 400;\">Em 2016, Z\u00e9 de dita foi o 4\u00ba vereador mais bem votado de SS do Umbuzeiro, pelo MDB.<\/p>\n<p style=\"font-weight: 400;\"><strong>F\u00c1BIO BRITO<\/strong><\/p>\n<p>Cariri Em A\u00e7\u00e3o<\/p>\n<p>Leia mais not\u00edcias em\u00a0<a href=\"https:\/\/www.caririemacao.com\/\">caririemacao.com<\/a>, siga nossa p\u00e1gina no\u00a0<a href=\"https:\/\/www.facebook.com\/CaririEmAcao\/?ref=aymt_homepage_panel\">Facebook<\/a>,\u00a0<a href=\"https:\/\/www.instagram.com\/cariri_em_acao\/?hl=pt-br\">Instagram<\/a>\u00a0e\u00a0<a href=\"https:\/\/www.youtube.com\/channel\/UCAptA0jQuYQy8vMhLt2m4qg\">Youtube<\/a>\u00a0e veja nossas mat\u00e9rias, v\u00eddeos e fotos. Voc\u00ea tamb\u00e9m pode enviar informa\u00e7\u00f5es \u00e0 Reda\u00e7\u00e3o do Portal Cariri em A\u00e7\u00e3o pelo WhatsApp (83) 9 9634.5791, (83) 9 9601-1162.<\/p>\n","protected":false},"excerpt":{"rendered":"<p>O prefeito Adriano Wolff anunciou um grande refor\u00e7o para o seu grupo pol\u00edtico, o grupo da situa\u00e7\u00e3o na cidade de SS do Umbuzeiro. Trata-se do&hellip; <\/p>\n","protected":false},"author":1,"featured_media":65819,"comment_status":"closed","ping_status":"closed","sticky":false,"template":"","format":"standard","meta":{"sfsi_plus_gutenberg_text_before_share":"","sfsi_plus_gutenberg_show_text_before_share":"","sfsi_plus_gutenberg_icon_type":"","sfsi_plus_gutenberg_icon_alignemt":"","sfsi_plus_gutenburg_max_per_row":"","footnotes":""},"categories":[11],"tags":[],"class_list":["post-65818","post","type-post","status-publish","format-standard","has-post-thumbnail","hentry","category-politica"],"_links":{"self":[{"href":"https:\/\/www.caririemacao.com\/1\/wp-json\/wp\/v2\/posts\/65818","targetHints":{"allow":["GET"]}}],"collection":[{"href":"https:\/\/www.caririemacao.com\/1\/wp-json\/wp\/v2\/posts"}],"about":[{"href":"https:\/\/www.caririemacao.com\/1\/wp-json\/wp\/v2\/types\/post"}],"author":[{"embeddable":true,"href":"https:\/\/www.caririemacao.com\/1\/wp-json\/wp\/v2\/users\/1"}],"replies":[{"embeddable":true,"href":"https:\/\/www.caririemacao.com\/1\/wp-json\/wp\/v2\/comments?post=65818"}],"version-history":[{"count":1,"href":"https:\/\/www.caririemacao.com\/1\/wp-json\/wp\/v2\/posts\/65818\/revisions"}],"predecessor-version":[{"id":65820,"href":"https:\/\/www.caririemacao.com\/1\/wp-json\/wp\/v2\/posts\/65818\/revisions\/65820"}],"wp:featuredmedia":[{"embeddable":true,"href":"https:\/\/www.caririemacao.com\/1\/wp-json\/wp\/v2\/media\/65819"}],"wp:attachment":[{"href":"https:\/\/www.caririemacao.com\/1\/wp-json\/wp\/v2\/media?parent=65818"}],"wp:term":[{"taxonomy":"category","embeddable":true,"href":"https:\/\/www.caririemacao.com\/1\/wp-json\/wp\/v2\/categories?post=65818"},{"taxonomy":"post_tag","embeddable":true,"href":"https:\/\/www.caririemacao.com\/1\/wp-json\/wp\/v2\/tags?post=65818"}],"curies":[{"name":"wp","href":"https:\/\/api.w.org\/{rel}","templated":true}]}}