{"id":65821,"date":"2018-09-24T08:47:44","date_gmt":"2018-09-24T11:47:44","guid":{"rendered":"http:\/\/www.caririemacao.com\/1\/?p=65821"},"modified":"2018-09-24T09:02:56","modified_gmt":"2018-09-24T12:02:56","slug":"sport-da-varzea-nova-vence-6a-edicao-da-copa-do-mel","status":"publish","type":"post","link":"https:\/\/www.caririemacao.com\/1\/2018\/09\/24\/sport-da-varzea-nova-vence-6a-edicao-da-copa-do-mel\/","title":{"rendered":"Sport da V\u00e1rzea Nova vence 6\u00aa edi\u00e7\u00e3o da Copa do Mel"},"content":{"rendered":"<p>A grande final da 6\u00aa edi\u00e7\u00e3o da Copa do Mel de Futebol Amador, ocorreu na trade deste s\u00e1bado (22), no est\u00e1dio municipal da capital do mel, S\u00e3o Jos\u00e9 dos Cordeiros -PB.<\/p>\n<p>O evento esportivo foi protagonizado pelas equipes do Sport da V\u00e1rzea Nova de Serra Branca e Sport da Malhada da Ro\u00e7a, ap\u00f3s um empate de 1&#215;1, a partida foi definida nos p\u00eanaltis tendo com placar final 5&#215;4, marcando assim a 6\u00aa edi\u00e7\u00e3o da Copa.<\/p>\n<p>As equipes vencedoras recebem como premia\u00e7\u00e3o R$ 2.500,00, al\u00e9m de trof\u00e9us e medalhas.<\/p>\n<h1 style=\"text-align: center;\"><a href=\"https:\/\/www.facebook.com\/pg\/CaririEmAcao\/photos\/?tab=album&amp;album_id=1367981253337894\">6\u00aa edi\u00e7\u00e3o da Copa do Mel de Futebol Amador\u00a0<\/a><\/h1>\n<p style=\"text-align: right;\"><em><strong>Reda\u00e7\u00e3o\u00a0<\/strong><\/em><\/p>\n","protected":false},"excerpt":{"rendered":"<p>A grande final da 6\u00aa edi\u00e7\u00e3o da Copa do Mel de Futebol Amador, ocorreu na trade deste s\u00e1bado (22), no est\u00e1dio municipal da capital do&hellip; <\/p>\n","protected":false},"author":1,"featured_media":65822,"comment_status":"closed","ping_status":"closed","sticky":false,"template":"","format":"standard","meta":{"sfsi_plus_gutenberg_text_before_share":"","sfsi_plus_gutenberg_show_text_before_share":"","sfsi_plus_gutenberg_icon_type":"","sfsi_plus_gutenberg_icon_alignemt":"","sfsi_plus_gutenburg_max_per_row":"","footnotes":""},"categories":[6],"tags":[],"class_list":["post-65821","post","type-post","status-publish","format-standard","has-post-thumbnail","hentry","category-cidades"],"_links":{"self":[{"href":"https:\/\/www.caririemacao.com\/1\/wp-json\/wp\/v2\/posts\/65821","targetHints":{"allow":["GET"]}}],"collection":[{"href":"https:\/\/www.caririemacao.com\/1\/wp-json\/wp\/v2\/posts"}],"about":[{"href":"https:\/\/www.caririemacao.com\/1\/wp-json\/wp\/v2\/types\/post"}],"author":[{"embeddable":true,"href":"https:\/\/www.caririemacao.com\/1\/wp-json\/wp\/v2\/users\/1"}],"replies":[{"embeddable":true,"href":"https:\/\/www.caririemacao.com\/1\/wp-json\/wp\/v2\/comments?post=65821"}],"version-history":[{"count":1,"href":"https:\/\/www.caririemacao.com\/1\/wp-json\/wp\/v2\/posts\/65821\/revisions"}],"predecessor-version":[{"id":65823,"href":"https:\/\/www.caririemacao.com\/1\/wp-json\/wp\/v2\/posts\/65821\/revisions\/65823"}],"wp:featuredmedia":[{"embeddable":true,"href":"https:\/\/www.caririemacao.com\/1\/wp-json\/wp\/v2\/media\/65822"}],"wp:attachment":[{"href":"https:\/\/www.caririemacao.com\/1\/wp-json\/wp\/v2\/media?parent=65821"}],"wp:term":[{"taxonomy":"category","embeddable":true,"href":"https:\/\/www.caririemacao.com\/1\/wp-json\/wp\/v2\/categories?post=65821"},{"taxonomy":"post_tag","embeddable":true,"href":"https:\/\/www.caririemacao.com\/1\/wp-json\/wp\/v2\/tags?post=65821"}],"curies":[{"name":"wp","href":"https:\/\/api.w.org\/{rel}","templated":true}]}}