{"id":65825,"date":"2018-09-23T13:04:22","date_gmt":"2018-09-23T16:04:22","guid":{"rendered":"http:\/\/www.caririemacao.com\/1\/?p=65825"},"modified":"2018-09-23T13:04:22","modified_gmt":"2018-09-23T16:04:22","slug":"sergio-meira-lanca-candidatura-ao-cargo-de-presidente-do-botafogo-pb","status":"publish","type":"post","link":"https:\/\/www.caririemacao.com\/1\/2018\/09\/23\/sergio-meira-lanca-candidatura-ao-cargo-de-presidente-do-botafogo-pb\/","title":{"rendered":"S\u00e9rgio Meira lan\u00e7a candidatura ao cargo de presidente do Botafogo-PB"},"content":{"rendered":"<p>O vice-presidente Financeiro do Botafogo-PB, S\u00e9rgio Meira, aceitou o desafio e vai mesmo ser candidato a presidente do Belo nas elei\u00e7\u00f5es marcadas para outubro. Com boas rela\u00e7\u00f5es com as distintas for\u00e7as pol\u00edticas do clube, o dirigente acredita que vai ser o \u00fanico candidato no pr\u00f3ximo pleito. S\u00e9rgio tem total apoio do atual grupo que comanda o clube. Grupo esse que teve alguns dirigentes afastados da diretoria pela Justi\u00e7a, casos do presidente Zezinho Botafogo, do vice Guilherme Novinho e do vice de Futebol Breno Morais.<\/p>\n<p>S\u00e9rgio Meira, inclusive, revelou que n\u00e3o estava nos seus planos assumir o Botafogo-PB nesse momento da sua vida. Para o dirigente, as circunst\u00e2ncias lhe colocaram nessa condi\u00e7\u00e3o e o apoio da maior parte do Conselho Deliberativo (CD) lhe deixa \u00e0 vontade para buscar o cargo de presidente.<\/p>\n<p>&#8211; Eu n\u00e3o pensava assumir o Botafogo-PB agora. At\u00e9 pensava comigo que isso seria uma possibilidade para o futuro, mas n\u00e3o nesse momento. Mas eu conversei com os conselheiros e todos apoiaram meu nome. Fico muito feliz com isso. Acredito que teremos uma elei\u00e7\u00e3o com chapa \u00fanica &#8211; explicou.<\/p>\n<p>Antes de ser afastado pela Justi\u00e7a, denunciado pelo Minist\u00e9rio P\u00fablico da Para\u00edba por supostamente fazer parte de um esquema criminoso que manipulava resultados no futebol paraibano, o presidente eleito Zezinho Botafogo disse que iria buscar a reelei\u00e7\u00e3o. Com seu afastamento, o CD passou a discutir quem poderia ser o candidato nas elei\u00e7\u00f5es deste ano, j\u00e1 que boa parte da c\u00fapula do clube havia sido afastada e virou r\u00e9u em decorr\u00eancia da Opera\u00e7\u00e3o Cartola.<\/p>\n<p>S\u00e9rgio Meira foi um nome que logo agradou grande parte do CD por se tratar de um dirigente que vem prestando servi\u00e7os ao clube h\u00e1 algum tempo e ter boa rela\u00e7\u00e3o com dirigentes ligados ao grupo atual e com conselheiros mais distantes dos que atualmente comandam o time. O atual vice Financeiro, inclusive, defendeu uma gest\u00e3o de continuidade.<\/p>\n<p>&#8211; \u00c9 importante a gente manter esse trabalho que vem sendo. \u00c9 um momento dif\u00edcil, mas a gente n\u00e3o pode deixar o Botafogo-PB cai (no cen\u00e1rio nacional) &#8211; avaliou.<br \/>\nS\u00e9rgio tamb\u00e9m confirmou seu companheiro de chapa, o conselheiro Orlando Soares, que vai ser registrado como o seu vice. Orlando atua organizando eventos do clube e auxiliando campanhas com a torcida e conselheiros para apostas na Timemania. As elei\u00e7\u00f5es da executiva acontecem no dia 21 de outubro, num domingo. No domingo anterior, o Conselho Deliberativo \u00e9 eleito pelos s\u00f3cios do clube e, no mesmo dia, logo em seguida, elege o seu presidente, vice e secret\u00e1rio.<\/p>\n<p>Click PB<\/p>\n<p>Cariri Em A\u00e7\u00e3o<\/p>\n<p>Leia mais not\u00edcias em\u00a0<a href=\"https:\/\/www.caririemacao.com\/\">caririemacao.com<\/a>, siga nossa p\u00e1gina no\u00a0<a href=\"https:\/\/www.facebook.com\/CaririEmAcao\/?ref=aymt_homepage_panel\">Facebook<\/a>,\u00a0<a href=\"https:\/\/www.instagram.com\/cariri_em_acao\/?hl=pt-br\">Instagram<\/a>\u00a0e\u00a0<a href=\"https:\/\/www.youtube.com\/channel\/UCAptA0jQuYQy8vMhLt2m4qg\">Youtube<\/a>\u00a0e veja nossas mat\u00e9rias, v\u00eddeos e fotos. Voc\u00ea tamb\u00e9m pode enviar informa\u00e7\u00f5es \u00e0 Reda\u00e7\u00e3o do Portal Cariri em A\u00e7\u00e3o pelo WhatsApp (83) 9 9634.5791, (83) 9 9601-1162.<\/p>\n","protected":false},"excerpt":{"rendered":"<p>O vice-presidente Financeiro do Botafogo-PB, S\u00e9rgio Meira, aceitou o desafio e vai mesmo ser candidato a presidente do Belo nas elei\u00e7\u00f5es marcadas para outubro. Com&hellip; <\/p>\n","protected":false},"author":1,"featured_media":65826,"comment_status":"closed","ping_status":"closed","sticky":false,"template":"","format":"standard","meta":{"sfsi_plus_gutenberg_text_before_share":"","sfsi_plus_gutenberg_show_text_before_share":"","sfsi_plus_gutenberg_icon_type":"","sfsi_plus_gutenberg_icon_alignemt":"","sfsi_plus_gutenburg_max_per_row":"","footnotes":""},"categories":[13],"tags":[],"class_list":["post-65825","post","type-post","status-publish","format-standard","has-post-thumbnail","hentry","category-esportes"],"_links":{"self":[{"href":"https:\/\/www.caririemacao.com\/1\/wp-json\/wp\/v2\/posts\/65825","targetHints":{"allow":["GET"]}}],"collection":[{"href":"https:\/\/www.caririemacao.com\/1\/wp-json\/wp\/v2\/posts"}],"about":[{"href":"https:\/\/www.caririemacao.com\/1\/wp-json\/wp\/v2\/types\/post"}],"author":[{"embeddable":true,"href":"https:\/\/www.caririemacao.com\/1\/wp-json\/wp\/v2\/users\/1"}],"replies":[{"embeddable":true,"href":"https:\/\/www.caririemacao.com\/1\/wp-json\/wp\/v2\/comments?post=65825"}],"version-history":[{"count":1,"href":"https:\/\/www.caririemacao.com\/1\/wp-json\/wp\/v2\/posts\/65825\/revisions"}],"predecessor-version":[{"id":65827,"href":"https:\/\/www.caririemacao.com\/1\/wp-json\/wp\/v2\/posts\/65825\/revisions\/65827"}],"wp:featuredmedia":[{"embeddable":true,"href":"https:\/\/www.caririemacao.com\/1\/wp-json\/wp\/v2\/media\/65826"}],"wp:attachment":[{"href":"https:\/\/www.caririemacao.com\/1\/wp-json\/wp\/v2\/media?parent=65825"}],"wp:term":[{"taxonomy":"category","embeddable":true,"href":"https:\/\/www.caririemacao.com\/1\/wp-json\/wp\/v2\/categories?post=65825"},{"taxonomy":"post_tag","embeddable":true,"href":"https:\/\/www.caririemacao.com\/1\/wp-json\/wp\/v2\/tags?post=65825"}],"curies":[{"name":"wp","href":"https:\/\/api.w.org\/{rel}","templated":true}]}}