{"id":65828,"date":"2018-09-23T13:10:54","date_gmt":"2018-09-23T16:10:54","guid":{"rendered":"http:\/\/www.caririemacao.com\/1\/?p=65828"},"modified":"2018-09-23T13:10:54","modified_gmt":"2018-09-23T16:10:54","slug":"campina-grande-tera-praca-em-homenagem-a-lula","status":"publish","type":"post","link":"https:\/\/www.caririemacao.com\/1\/2018\/09\/23\/campina-grande-tera-praca-em-homenagem-a-lula\/","title":{"rendered":"Campina Grande ter\u00e1 pra\u00e7a em homenagem a Lula"},"content":{"rendered":"<p>O prefeito de Campina Grande, Romero Rodrigues, j\u00e1 dentro da programa\u00e7\u00e3o que antecipa as comemora\u00e7\u00f5es do Dia da Cidade, em outubro, assinar\u00e1 Ordem de Servi\u00e7o na manh\u00e3 desta segunda-feira (24)\u00a0para\u00a0 a constru\u00e7\u00e3o de uma nova pra\u00e7a no Munic\u00edpio, desta vez no bairro do Belo Monte.<\/p>\n<p>A pra\u00e7a ser\u00e1 batizada de Vereador Lula Cabral, falecido em maio deste ano, e ser\u00e1 constru\u00edda com recursos pr\u00f3prios da Prefeitura, atrav\u00e9s da Secretaria de Servi\u00e7os Urbanos e Meio Ambiente (Sesuma).<\/p>\n<p>Hor\u00e1rio: 10h<br \/>\nLocal da solenidade: Rua Gon\u00e7alves Dias, com acesso pela Al\u00e7a Leste.<\/p>\n<p>Ascom\/CG<\/p>\n<p>Cariri Em A\u00e7\u00e3o<\/p>\n<p>Leia mais not\u00edcias em\u00a0<a href=\"https:\/\/www.caririemacao.com\/\">caririemacao.com<\/a>, siga nossa p\u00e1gina no\u00a0<a href=\"https:\/\/www.facebook.com\/CaririEmAcao\/?ref=aymt_homepage_panel\">Facebook<\/a>,\u00a0<a href=\"https:\/\/www.instagram.com\/cariri_em_acao\/?hl=pt-br\">Instagram<\/a>\u00a0e\u00a0<a href=\"https:\/\/www.youtube.com\/channel\/UCAptA0jQuYQy8vMhLt2m4qg\">Youtube<\/a>\u00a0e veja nossas mat\u00e9rias, v\u00eddeos e fotos. Voc\u00ea tamb\u00e9m pode enviar informa\u00e7\u00f5es \u00e0 Reda\u00e7\u00e3o do Portal Cariri em A\u00e7\u00e3o pelo WhatsApp (83) 9 9634.5791, (83) 9 9601-1162.<\/p>\n","protected":false},"excerpt":{"rendered":"<p>O prefeito de Campina Grande, Romero Rodrigues, j\u00e1 dentro da programa\u00e7\u00e3o que antecipa as comemora\u00e7\u00f5es do Dia da Cidade, em outubro, assinar\u00e1 Ordem de Servi\u00e7o&hellip; <\/p>\n","protected":false},"author":1,"featured_media":65829,"comment_status":"closed","ping_status":"closed","sticky":false,"template":"","format":"standard","meta":{"sfsi_plus_gutenberg_text_before_share":"","sfsi_plus_gutenberg_show_text_before_share":"","sfsi_plus_gutenberg_icon_type":"","sfsi_plus_gutenberg_icon_alignemt":"","sfsi_plus_gutenburg_max_per_row":"","footnotes":""},"categories":[6],"tags":[],"class_list":["post-65828","post","type-post","status-publish","format-standard","has-post-thumbnail","hentry","category-cidades"],"_links":{"self":[{"href":"https:\/\/www.caririemacao.com\/1\/wp-json\/wp\/v2\/posts\/65828","targetHints":{"allow":["GET"]}}],"collection":[{"href":"https:\/\/www.caririemacao.com\/1\/wp-json\/wp\/v2\/posts"}],"about":[{"href":"https:\/\/www.caririemacao.com\/1\/wp-json\/wp\/v2\/types\/post"}],"author":[{"embeddable":true,"href":"https:\/\/www.caririemacao.com\/1\/wp-json\/wp\/v2\/users\/1"}],"replies":[{"embeddable":true,"href":"https:\/\/www.caririemacao.com\/1\/wp-json\/wp\/v2\/comments?post=65828"}],"version-history":[{"count":1,"href":"https:\/\/www.caririemacao.com\/1\/wp-json\/wp\/v2\/posts\/65828\/revisions"}],"predecessor-version":[{"id":65830,"href":"https:\/\/www.caririemacao.com\/1\/wp-json\/wp\/v2\/posts\/65828\/revisions\/65830"}],"wp:featuredmedia":[{"embeddable":true,"href":"https:\/\/www.caririemacao.com\/1\/wp-json\/wp\/v2\/media\/65829"}],"wp:attachment":[{"href":"https:\/\/www.caririemacao.com\/1\/wp-json\/wp\/v2\/media?parent=65828"}],"wp:term":[{"taxonomy":"category","embeddable":true,"href":"https:\/\/www.caririemacao.com\/1\/wp-json\/wp\/v2\/categories?post=65828"},{"taxonomy":"post_tag","embeddable":true,"href":"https:\/\/www.caririemacao.com\/1\/wp-json\/wp\/v2\/tags?post=65828"}],"curies":[{"name":"wp","href":"https:\/\/api.w.org\/{rel}","templated":true}]}}