{"id":65838,"date":"2018-09-23T14:22:27","date_gmt":"2018-09-23T17:22:27","guid":{"rendered":"http:\/\/www.caririemacao.com\/1\/?p=65838"},"modified":"2018-09-23T14:22:27","modified_gmt":"2018-09-23T17:22:27","slug":"pagamento-do-ipva-de-veiculos-com-placa-final-9-e-comprovacao-de-isencao-precisam-ser-antecipados","status":"publish","type":"post","link":"https:\/\/www.caririemacao.com\/1\/2018\/09\/23\/pagamento-do-ipva-de-veiculos-com-placa-final-9-e-comprovacao-de-isencao-precisam-ser-antecipados\/","title":{"rendered":"Pagamento do IPVA de ve\u00edculos com placa final 9 e comprova\u00e7\u00e3o de isen\u00e7\u00e3o precisam ser antecipados"},"content":{"rendered":"<p>Para garantir o desconto e evitar juros e multas, os donos de ve\u00edculos com placas de final 9 ter\u00e3o que adiantar o pagamento do IPVA (Imposto Sobre a Propriedade de Ve\u00edculos Automotores) para o dia 28 de setembro. Essa tamb\u00e9m \u00e9 a data limite para os propriet\u00e1rios desses ve\u00edculos requererem a isen\u00e7\u00e3o do tributo, solicitada no ano passado, para fazer a comprova\u00e7\u00e3o dos documentos e garantir o direito ao benef\u00edcio.<\/p>\n<p>Para aqueles que v\u00e3o pagar o IPVA, h\u00e1 tr\u00eas op\u00e7\u00f5es de pagamento do tributo. A primeira \u00e9 a cota \u00fanica com desconto de 10% \u00e0 vista. A segunda op\u00e7\u00e3o \u00e9 o pagamento em tr\u00eas parcelas sem desconto, sendo a primeira com vencimento no dia 28 de setembro. J\u00e1 a terceira \u00e9 o pagamento total do IPVA no dia 30 de novembro sem o desconto de 10%.<\/p>\n<p><a href=\"https:\/\/www.receita.pb.gov.br\/ser\/info\/ipva\">https:\/\/www.receita.pb.gov.br\/&#8230;<\/a><br \/>\n<a href=\"http:\/\/www.detran.pb.gov.br\/\">www.detran.pb.gov.br<\/a><br \/>\nO boleto do IPVA pode ser impresso no site da Receita Estadual ou no site Detran-PB, nas reparti\u00e7\u00f5es fiscais e nas unidades do Detran-PB. Desde o ano passado, a emiss\u00e3o do boleto do tributo \u00e9 feita pela internet. O pagamento deve ser efetuado nas ag\u00eancias do Bradesco ou de seus associados; e tamb\u00e9m nos canais digitais (autoatendimento, internet banking e via smartphones).<\/p>\n<p><strong>Parcelas das placas 7 e 8<\/strong><\/p>\n<p>Para quem optou pelo parcelamento do IPVA das placas finais 7 e 8 em tr\u00eas vezes, esses propriet\u00e1rios precisam tamb\u00e9m lembrar do pagamento das parcelas remanescentes at\u00e9 o dia 28 de setembro. Nesta data, se vence a segunda parcela para quem \u00e9 o propriet\u00e1rio da placa final 8, enquanto para quem possui placa final 7 \u00e9 a terceira e \u00faltima. Para quem optou pagar a totalidade do IPVA da placa final 9 a data limite tamb\u00e9m \u00e9 dia 30 de novembro.<\/p>\n<p><strong>Comprova\u00e7\u00e3o da isen\u00e7\u00e3o em 2018<\/strong><\/p>\n<p>As categorias como taxistas, portadores de defici\u00eancia (f\u00edsica, visual, mental ou autista), ve\u00edculos cadastrados no Minist\u00e9rio do Turismo na qualidade de transporte tur\u00edstico; motofrentistas e de motoboys at\u00e9 150 cc (cilindradas), de placa final 8, que requereram no ano passado a isen\u00e7\u00e3o do IPVA, precisam, agora, comprovar com documenta\u00e7\u00e3o at\u00e9 o dia 28 de setembro na reparti\u00e7\u00e3o fiscal para gozar do direito em 2018. Neste mesmo dia, essas categorias j\u00e1 podem requerer a isen\u00e7\u00e3o de 2019.<\/p>\n<p>J\u00e1 os ve\u00edculos com ano de fabrica\u00e7\u00e3o abaixo de 2003 ficar\u00e3o isentos de pagamento do IPVA em 2018. A legisla\u00e7\u00e3o em vigor assegura a isen\u00e7\u00e3o do imposto para propriet\u00e1rios de carros, motos ou qualquer outro ve\u00edculo com 16 anos completos de sua fabrica\u00e7\u00e3o. Contudo, os propriet\u00e1rios desses ve\u00edculos n\u00e3o ficar\u00e3o isentos das demais taxas que envolvem o emplacamento, como seguro obrigat\u00f3rio (Dpvat), licenciamento do Detran e a taxa de bombeiro.<\/p>\n<p>ClinkPB<\/p>\n<p>Cariri Em A\u00e7\u00e3o<\/p>\n<p>Leia mais not\u00edcias em\u00a0<a href=\"https:\/\/www.caririemacao.com\/\">caririemacao.com<\/a>, siga nossa p\u00e1gina no\u00a0<a href=\"https:\/\/www.facebook.com\/CaririEmAcao\/?ref=aymt_homepage_panel\">Facebook<\/a>,\u00a0<a href=\"https:\/\/www.instagram.com\/cariri_em_acao\/?hl=pt-br\">Instagram<\/a>\u00a0e\u00a0<a href=\"https:\/\/www.youtube.com\/channel\/UCAptA0jQuYQy8vMhLt2m4qg\">Youtube<\/a>\u00a0e veja nossas mat\u00e9rias, v\u00eddeos e fotos. Voc\u00ea tamb\u00e9m pode enviar informa\u00e7\u00f5es \u00e0 Reda\u00e7\u00e3o do Portal Cariri em A\u00e7\u00e3o pelo WhatsApp (83) 9 9634.5791, (83) 9 9601-1162.<\/p>\n","protected":false},"excerpt":{"rendered":"<p>Para garantir o desconto e evitar juros e multas, os donos de ve\u00edculos com placas de final 9 ter\u00e3o que adiantar o pagamento do IPVA&hellip; <\/p>\n","protected":false},"author":1,"featured_media":50851,"comment_status":"closed","ping_status":"closed","sticky":false,"template":"","format":"standard","meta":{"sfsi_plus_gutenberg_text_before_share":"","sfsi_plus_gutenberg_show_text_before_share":"","sfsi_plus_gutenberg_icon_type":"","sfsi_plus_gutenberg_icon_alignemt":"","sfsi_plus_gutenburg_max_per_row":"","footnotes":""},"categories":[2],"tags":[],"class_list":["post-65838","post","type-post","status-publish","format-standard","has-post-thumbnail","hentry","category-geral"],"_links":{"self":[{"href":"https:\/\/www.caririemacao.com\/1\/wp-json\/wp\/v2\/posts\/65838","targetHints":{"allow":["GET"]}}],"collection":[{"href":"https:\/\/www.caririemacao.com\/1\/wp-json\/wp\/v2\/posts"}],"about":[{"href":"https:\/\/www.caririemacao.com\/1\/wp-json\/wp\/v2\/types\/post"}],"author":[{"embeddable":true,"href":"https:\/\/www.caririemacao.com\/1\/wp-json\/wp\/v2\/users\/1"}],"replies":[{"embeddable":true,"href":"https:\/\/www.caririemacao.com\/1\/wp-json\/wp\/v2\/comments?post=65838"}],"version-history":[{"count":1,"href":"https:\/\/www.caririemacao.com\/1\/wp-json\/wp\/v2\/posts\/65838\/revisions"}],"predecessor-version":[{"id":65842,"href":"https:\/\/www.caririemacao.com\/1\/wp-json\/wp\/v2\/posts\/65838\/revisions\/65842"}],"wp:featuredmedia":[{"embeddable":true,"href":"https:\/\/www.caririemacao.com\/1\/wp-json\/wp\/v2\/media\/50851"}],"wp:attachment":[{"href":"https:\/\/www.caririemacao.com\/1\/wp-json\/wp\/v2\/media?parent=65838"}],"wp:term":[{"taxonomy":"category","embeddable":true,"href":"https:\/\/www.caririemacao.com\/1\/wp-json\/wp\/v2\/categories?post=65838"},{"taxonomy":"post_tag","embeddable":true,"href":"https:\/\/www.caririemacao.com\/1\/wp-json\/wp\/v2\/tags?post=65838"}],"curies":[{"name":"wp","href":"https:\/\/api.w.org\/{rel}","templated":true}]}}