{"id":65845,"date":"2018-09-23T14:28:59","date_gmt":"2018-09-23T17:28:59","guid":{"rendered":"http:\/\/www.caririemacao.com\/1\/?p=65845"},"modified":"2018-09-23T14:28:59","modified_gmt":"2018-09-23T17:28:59","slug":"recorde-de-publico-quase-20-mil-pessoas-prestigiam-shows-em-sao-jose-dos-cordeiros-na-noite-deste-sabado-2","status":"publish","type":"post","link":"https:\/\/www.caririemacao.com\/1\/2018\/09\/23\/recorde-de-publico-quase-20-mil-pessoas-prestigiam-shows-em-sao-jose-dos-cordeiros-na-noite-deste-sabado-2\/","title":{"rendered":"RECORDE DE P\u00daBLICO: Quase 20 mil pessoas prestigiam shows em S\u00e3o Jos\u00e9 dos Cordeiros na noite deste s\u00e1bado"},"content":{"rendered":"<p>A segunda noite da 10\u00aa edi\u00e7\u00e3o do Festival do Mel bateu recorde p\u00fablico e atraiu milhares quase 20 mil pessoas para a capital do mel, S\u00e3o Jos\u00e9 dos Cordeiros.<\/p>\n<p>A noite deste S\u00e1bado (22) foi animada pelo cantor Alcimar Monteiro, Devinho Novaes, Nascimento Filho e a Banda Farra dos 600, encerrando a segunda noite de shows musicais.<\/p>\n<p><img fetchpriority=\"high\" decoding=\"async\" class=\"wp-image-65840 size-full aligncenter\" src=\"http:\/\/www.caririemacao.com\/1\/wp-content\/uploads\/2018\/09\/600x500xpage.jpg,qx54455.pagespeed.ic.8rPO2bE-mV.jpg\" sizes=\"(max-width: 600px) 100vw, 600px\" srcset=\"http:\/\/www.caririemacao.com\/1\/wp-content\/uploads\/2018\/09\/page.jpg 600w, http:\/\/www.caririemacao.com\/1\/wp-content\/uploads\/2018\/09\/page-300x250.jpg 300w\" alt=\"\" width=\"600\" height=\"500\" \/><\/p>\n<p>O Festival do Mel se encerra neste domingo com a estreia da \u201cTardezinha do mel\u201d, que ter\u00e1 in\u00edcio \u00e0s 17h, com os shows de Bob L\u00e9o, Suelio do Acordeon e Messias do Acordeon.<\/p>\n<h1 style=\"text-align: center;\"><a href=\"https:\/\/www.facebook.com\/pg\/CaririEmAcao\/photos\/?tab=album&amp;album_id=1368475673288452\">Nascimento Filho, Farra dos 600,Devinho Novaes e Alcimar Monteiro<\/a><\/h1>\n<p style=\"text-align: right;\"><em><strong>Reda\u00e7\u00e3o\u00a0<\/strong><\/em><\/p>\n","protected":false},"excerpt":{"rendered":"<p>A segunda noite da 10\u00aa edi\u00e7\u00e3o do Festival do Mel bateu recorde p\u00fablico e atraiu milhares quase 20 mil pessoas para a capital do mel,&hellip; <\/p>\n","protected":false},"author":1,"featured_media":65839,"comment_status":"closed","ping_status":"closed","sticky":false,"template":"","format":"standard","meta":{"sfsi_plus_gutenberg_text_before_share":"","sfsi_plus_gutenberg_show_text_before_share":"","sfsi_plus_gutenberg_icon_type":"","sfsi_plus_gutenberg_icon_alignemt":"","sfsi_plus_gutenburg_max_per_row":"","footnotes":""},"categories":[2],"tags":[],"class_list":["post-65845","post","type-post","status-publish","format-standard","has-post-thumbnail","hentry","category-geral"],"_links":{"self":[{"href":"https:\/\/www.caririemacao.com\/1\/wp-json\/wp\/v2\/posts\/65845","targetHints":{"allow":["GET"]}}],"collection":[{"href":"https:\/\/www.caririemacao.com\/1\/wp-json\/wp\/v2\/posts"}],"about":[{"href":"https:\/\/www.caririemacao.com\/1\/wp-json\/wp\/v2\/types\/post"}],"author":[{"embeddable":true,"href":"https:\/\/www.caririemacao.com\/1\/wp-json\/wp\/v2\/users\/1"}],"replies":[{"embeddable":true,"href":"https:\/\/www.caririemacao.com\/1\/wp-json\/wp\/v2\/comments?post=65845"}],"version-history":[{"count":1,"href":"https:\/\/www.caririemacao.com\/1\/wp-json\/wp\/v2\/posts\/65845\/revisions"}],"predecessor-version":[{"id":65846,"href":"https:\/\/www.caririemacao.com\/1\/wp-json\/wp\/v2\/posts\/65845\/revisions\/65846"}],"wp:featuredmedia":[{"embeddable":true,"href":"https:\/\/www.caririemacao.com\/1\/wp-json\/wp\/v2\/media\/65839"}],"wp:attachment":[{"href":"https:\/\/www.caririemacao.com\/1\/wp-json\/wp\/v2\/media?parent=65845"}],"wp:term":[{"taxonomy":"category","embeddable":true,"href":"https:\/\/www.caririemacao.com\/1\/wp-json\/wp\/v2\/categories?post=65845"},{"taxonomy":"post_tag","embeddable":true,"href":"https:\/\/www.caririemacao.com\/1\/wp-json\/wp\/v2\/tags?post=65845"}],"curies":[{"name":"wp","href":"https:\/\/api.w.org\/{rel}","templated":true}]}}