{"id":65865,"date":"2018-09-23T22:06:35","date_gmt":"2018-09-24T01:06:35","guid":{"rendered":"http:\/\/www.caririemacao.com\/1\/?p=65865"},"modified":"2018-09-23T22:06:35","modified_gmt":"2018-09-24T01:06:35","slug":"concursos-com-inscricoes-abertas-reunem-194-vagas-na-paraiba","status":"publish","type":"post","link":"https:\/\/www.caririemacao.com\/1\/2018\/09\/23\/concursos-com-inscricoes-abertas-reunem-194-vagas-na-paraiba\/","title":{"rendered":"Concursos com inscri\u00e7\u00f5es abertas re\u00fanem 194 vagas na Para\u00edba"},"content":{"rendered":"<p>Tr\u00eas prefeituras e um conselho de classe est\u00e3o reunindo 194 vagas entre concursos p\u00fablicos e processos seletivos para\u00a0profissionais de diversas \u00e1reas e escolaridades na Para\u00edba. As oportunidades abrangem as \u00e1reas administrativa, educacional, jur\u00eddica, social, t\u00e9cnica e de sa\u00fade.<\/p>\n<p><strong>Confira:<\/strong><\/p>\n<p><strong>Prefeitura de S\u00e3o Jos\u00e9 do Espinharas<\/strong><\/p>\n<p>A\u00a0Prefeitura de S\u00e3o Jos\u00e9 do Espinharas, no Sert\u00e3o do Estado, abriu um concurso p\u00fablico e um processo seletivo. O concurso p\u00fablico visa preencher 22 vagas para os seguintes cargos:\u00a0Agente Administrativo (1), Agente Comunit\u00e1rio de Sa\u00fade (1), Auxiliar de Servi\u00e7os Gerais (2), Cirurgi\u00e3o Dentista UBS Zona Rural (1), Coveiro (1), Enfermeiro UBS Zona Rural (1), Farmac\u00eautico (1), Fisioterapeuta Centro de Sa\u00fade (1), Gari (1), Guarda Municipal (1), M\u00e9dico PSF (2), Monitor de Sala de Aula (1), Motorista Categoria B (1), Motorista Categoria D (2), Nutricionista Centro de Sa\u00fade (1), Operador de M\u00e1quinas Pesadas (2), Professor A2 (1) e T\u00e9cnico em Gest\u00e3o Educacional (1).<\/p>\n<p>As inscri\u00e7\u00f5es estar\u00e3o abertas a partir do dia 28 de setembro de 2018.\u00a0De forma eletr\u00f4nica, os pedidos de participa\u00e7\u00f5es devem ser feitos at\u00e9 o dia 28 de outubro de 2018, por meio do endere\u00e7o eletr\u00f4nico www.contemaxconsultoria.com.br. A participa\u00e7\u00e3o ser\u00e1 confirmada mediante o pagamento da taxa no valor de R$ 40,50 a R$ 80,00.<\/p>\n<p>Os profissionais de N\u00edvel Fundamental, M\u00e9dio e Superior devem receber remunera\u00e7\u00e3o de sal\u00e1rio m\u00ednimo ao piso da categoria ou R$ 1.653,75 a R$ 11.708,77, correspondente a jornada de trabalho de 30h a 40h semanais.\u00a0A classifica\u00e7\u00e3o \u00e9 composta por Prova Objetiva, Avalia\u00e7\u00e3o de T\u00edtulos, Prova Pr\u00e1tica e Curso de Qualifica\u00e7\u00e3o B\u00e1sica. A primeira etapa est\u00e1 prevista para o dia 9 de dezembro de 2018.<\/p>\n<p>J\u00e1 o processo seletivo pretende contratar 19 profissionais em car\u00e1ter tempor\u00e1rio. As oportunidades s\u00e3o para os cargos de\u00a0Condutor Socorrista (2), Coordenador (1), Educador F\u00edsico (1), Enfermeiro (5), Fisioterapeuta (1), Nutricionista (1), T\u00e9cnico de Enfermagem (5) e Visitador (3).<\/p>\n<p>As inscri\u00e7\u00f5es devem ser feitas a partir do dia 29 de setembro de 2018 at\u00e9 o dia 14 de outubro de 2018 tamb\u00e9m pelo site\u00a0www.contemaxconsultoria.com.br. As taxas variam entre\u00a0R$ 60,00 a R$ 80,00.<\/p>\n<p><strong>Prefeitura de S\u00e3o Jo\u00e3o do Cariri<\/strong><\/p>\n<p>A Prefeitura de\u00a0S\u00e3o Jo\u00e3o do Cariri reabriu as inscri\u00e7\u00f5es para o preenchimento de 31 vagas. Os cargos buscados s\u00e3o para\u00a0Agente Comunit\u00e1rio de Sa\u00fade Micro\u00e1reas (2), Auxiliar de Creche (2), Assistente Social \u2013 CRAS (1), Enfermeiro \u2013 PSF (1), Farmac\u00eautico\/ Bioqu\u00edmico (1), Fisioterapeuta (2), Fiscal de Arrecada\u00e7\u00e3o (1), M\u00e9dico Cl\u00ednico Geral \u2013 PSF (2), Motorista B (2), Motorista D (2), Nutricionista (1), Odont\u00f3logo \u2013 PSF (1), Operador de Maquinas (1), Psic\u00f3logo \u2013 CRAS (1), Professor Polivalente (4), Professor B de: Matem\u00e1tica (1), Portugu\u00eas (1), Ci\u00eancias (1), Ingl\u00eas (1), Geografia (1), Hist\u00f3ria (1) e T\u00e9cnico de Enfermagem (1).<\/p>\n<p>O prazo segue at\u00e9 o dia 30 de setembro e as inscri\u00e7\u00f5es podem ser feitas por meio do endere\u00e7o eletr\u00f4nico www.apiceconsultoria.com. As taxas variam entre\u00a0R$ 73,66 e R$ 115,00.\u00a0A primeira etapa est\u00e1 prevista para o dia 14 de outubro de 2018.\u00a0Os contratados devem atuar em jornadas de trabalho de 20h a 40 horas semanais. As remunera\u00e7\u00f5es chegam a R$ 2.005,50.<\/p>\n<p><strong>Prefeitura de Pedras de Fogo<\/strong><\/p>\n<p>A Prefeitura de Pedras de Fogo est\u00e1 com inscri\u00e7\u00f5es abertas at\u00e9 o dia 19 de outubro para concurso p\u00fablico nos seguintes cargos:\u00a0Auxiliar Administrativo (15); Auxiliar de Servi\u00e7os (40); Gari (5); Operador de M\u00e1quinas (1); Motorista \u201cC\u201d (5); Guarda Municipal (5); Coveiro (1); Encanador (1); Assistente Social (3); Enfermeiro (9); Farmac\u00eautico (1); Fisioterapeuta (1); Fonoaudi\u00f3logo (1); Nutricionista (1); Odont\u00f3logo (1); Professor A (13); Professor de Portugu\u00eas (4); Professor de Educa\u00e7\u00e3o F\u00edsica (1); Professor de Ci\u00eancias (1); Professor de Ingl\u00eas (1); Psic\u00f3logo (1); T\u00e9cnico de Enfermagem (9) e Terapeuta Ocupacional (1).<\/p>\n<p>As taxas de inscri\u00e7\u00f5es variam entre R$ 55,00 e R$ 85,00. Os candidatos ser\u00e3o classificados por meio de prova escrita, pr\u00e1tica e a previs\u00e3o \u00e9 que as mesmas aconte\u00e7am a partir do dia 9 de dezembro de 2018. Os profissionais devem atuar em jornadas de trabalho de 30h a 40h semanais.<\/p>\n<p>Para aqueles\u00a0que n\u00e3o possu\u00edrem acesso \u00e0 internet, a inscri\u00e7\u00e3o pode ser feita diretamente na sede da Prefeitura, que est\u00e1 localizada no Centro e atende nos hor\u00e1rios de 8h \u00e0s 12h.<\/p>\n<p><strong>Conselho Regional de Qu\u00edmica (19\u00aa Regi\u00e3o)<\/strong><\/p>\n<p>O Conselho\u00a0Regional de Qu\u00edmica (CRQ) da\u00a019\u00aa Regi\u00e3o, que abrange a Para\u00edba, reabriu as inscri\u00e7\u00f5es de concurso p\u00fablico para o cargo de advogado. As inscri\u00e7\u00f5es seguem abertas at\u00e9 o dia 13 de outubro e podem ser feitas por meio do site www.idhtec.org.br, sob a taxa de R$ 100,00. A prova objetiva est\u00e1 prevista para ser realizada no dia 4 de novembro, sendo que o candidato tamb\u00e9m passar\u00e1 por uma avalia\u00e7\u00e3o de t\u00edtulos.<\/p>\n<p>Cariri em A\u00e7\u00e3o<\/p>\n<p>Leia mais not\u00edcias em\u00a0<a href=\"http:\/\/www.caririemacao.com\/\">caririemacao.com<\/a>, siga nossa p\u00e1gina no\u00a0<a href=\"https:\/\/www.facebook.com\/CaririEmAcao\/?ref=aymt_homepage_panel\">Facebook<\/a>,\u00a0<a href=\"https:\/\/www.instagram.com\/cariri_em_acao\/?hl=pt-br\">Instagram<\/a>\u00a0e\u00a0<a href=\"https:\/\/www.youtube.com\/channel\/UCAptA0jQuYQy8vMhLt2m4qg\">Youtube<\/a>\u00a0e veja nossas mat\u00e9rias, v\u00eddeos e fotos. Voc\u00ea tamb\u00e9m pode enviar informa\u00e7\u00f5es \u00e0 Reda\u00e7\u00e3o do Portal Cariri em A\u00e7\u00e3o pelo WhatsApp (83) 9 9634.5791, (83) 9 9601-1162.<\/p>\n","protected":false},"excerpt":{"rendered":"<p>Tr\u00eas prefeituras e um conselho de classe est\u00e3o reunindo 194 vagas entre concursos p\u00fablicos e processos seletivos para\u00a0profissionais de diversas \u00e1reas e escolaridades na Para\u00edba.&hellip; <\/p>\n","protected":false},"author":1,"featured_media":9527,"comment_status":"closed","ping_status":"closed","sticky":false,"template":"","format":"standard","meta":{"sfsi_plus_gutenberg_text_before_share":"","sfsi_plus_gutenberg_show_text_before_share":"","sfsi_plus_gutenberg_icon_type":"","sfsi_plus_gutenberg_icon_alignemt":"","sfsi_plus_gutenburg_max_per_row":"","footnotes":""},"categories":[14],"tags":[],"class_list":["post-65865","post","type-post","status-publish","format-standard","has-post-thumbnail","hentry","category-educacao"],"_links":{"self":[{"href":"https:\/\/www.caririemacao.com\/1\/wp-json\/wp\/v2\/posts\/65865","targetHints":{"allow":["GET"]}}],"collection":[{"href":"https:\/\/www.caririemacao.com\/1\/wp-json\/wp\/v2\/posts"}],"about":[{"href":"https:\/\/www.caririemacao.com\/1\/wp-json\/wp\/v2\/types\/post"}],"author":[{"embeddable":true,"href":"https:\/\/www.caririemacao.com\/1\/wp-json\/wp\/v2\/users\/1"}],"replies":[{"embeddable":true,"href":"https:\/\/www.caririemacao.com\/1\/wp-json\/wp\/v2\/comments?post=65865"}],"version-history":[{"count":1,"href":"https:\/\/www.caririemacao.com\/1\/wp-json\/wp\/v2\/posts\/65865\/revisions"}],"predecessor-version":[{"id":65866,"href":"https:\/\/www.caririemacao.com\/1\/wp-json\/wp\/v2\/posts\/65865\/revisions\/65866"}],"wp:featuredmedia":[{"embeddable":true,"href":"https:\/\/www.caririemacao.com\/1\/wp-json\/wp\/v2\/media\/9527"}],"wp:attachment":[{"href":"https:\/\/www.caririemacao.com\/1\/wp-json\/wp\/v2\/media?parent=65865"}],"wp:term":[{"taxonomy":"category","embeddable":true,"href":"https:\/\/www.caririemacao.com\/1\/wp-json\/wp\/v2\/categories?post=65865"},{"taxonomy":"post_tag","embeddable":true,"href":"https:\/\/www.caririemacao.com\/1\/wp-json\/wp\/v2\/tags?post=65865"}],"curies":[{"name":"wp","href":"https:\/\/api.w.org\/{rel}","templated":true}]}}