{"id":65867,"date":"2018-09-24T07:12:59","date_gmt":"2018-09-24T10:12:59","guid":{"rendered":"http:\/\/www.caririemacao.com\/1\/?p=65867"},"modified":"2018-09-24T07:12:59","modified_gmt":"2018-09-24T10:12:59","slug":"fiep-promove-encontro-com-candidatos-a-governador-nesta-2a-feira","status":"publish","type":"post","link":"https:\/\/www.caririemacao.com\/1\/2018\/09\/24\/fiep-promove-encontro-com-candidatos-a-governador-nesta-2a-feira\/","title":{"rendered":"FIEP promove encontro com candidatos a governador nesta 2\u00aa feira"},"content":{"rendered":"<p>Com o objetivo de apresentar as \u00b4Propostas da Ind\u00fastria Paraibana\u00b4 para o futuro governador do Estado, a Federa\u00e7\u00e3o das Ind\u00fastrias do Estado da Para\u00edba realiza nesta segunda-feira, dia 24 de setembro, o \u201cDi\u00e1logo da Ind\u00fastria com os Candidatos ao Governo\u201d.<\/p>\n<p>O evento ser\u00e1 na sede da FIEP, em Campina Grande, e ter\u00e1 transmiss\u00e3o ao vivo pelo Facebook (fb.com\/fiepb). Come\u00e7ar\u00e1 \u00e0s 13h45.<\/p>\n<p>A abertura ser\u00e1 feita pelo presidente da FIEP, Francisco de Assis Benevides Gadelha. Em seguida, cada candidato, de forma individual, ter\u00e1 20 minutos para expor seus planos de governo aos empres\u00e1rios do setor industrial,\u00a0com base no documento Propostas da Ind\u00fastria Paraibana para as Elei\u00e7\u00f5es 2018.<\/p>\n<p>Na programa\u00e7\u00e3o, est\u00e1 prevista uma sabatina com os candidatos, onde tr\u00eas empres\u00e1rios formular\u00e3o perguntas aos candidatos com base no documento mencionado.<\/p>\n<p>Para\u00edba Online<\/p>\n<p>Cariri em A\u00e7\u00e3o<\/p>\n<p>Leia mais not\u00edcias em\u00a0<a href=\"http:\/\/www.caririemacao.com\/\">caririemacao.com<\/a>, siga nossa p\u00e1gina no\u00a0<a href=\"https:\/\/www.facebook.com\/CaririEmAcao\/?ref=aymt_homepage_panel\">Facebook<\/a>,\u00a0<a href=\"https:\/\/www.instagram.com\/cariri_em_acao\/?hl=pt-br\">Instagram<\/a>\u00a0e\u00a0<a href=\"https:\/\/www.youtube.com\/channel\/UCAptA0jQuYQy8vMhLt2m4qg\">Youtube<\/a>\u00a0e veja nossas mat\u00e9rias, v\u00eddeos e fotos. Voc\u00ea tamb\u00e9m pode enviar informa\u00e7\u00f5es \u00e0 Reda\u00e7\u00e3o do Portal Cariri em A\u00e7\u00e3o pelo WhatsApp (83) 9 9634.5791, (83) 9 9601-1162.<\/p>\n","protected":false},"excerpt":{"rendered":"<p>Com o objetivo de apresentar as \u00b4Propostas da Ind\u00fastria Paraibana\u00b4 para o futuro governador do Estado, a Federa\u00e7\u00e3o das Ind\u00fastrias do Estado da Para\u00edba realiza&hellip; <\/p>\n","protected":false},"author":1,"featured_media":65868,"comment_status":"closed","ping_status":"closed","sticky":false,"template":"","format":"standard","meta":{"sfsi_plus_gutenberg_text_before_share":"","sfsi_plus_gutenberg_show_text_before_share":"","sfsi_plus_gutenberg_icon_type":"","sfsi_plus_gutenberg_icon_alignemt":"","sfsi_plus_gutenburg_max_per_row":"","footnotes":""},"categories":[1],"tags":[],"class_list":["post-65867","post","type-post","status-publish","format-standard","has-post-thumbnail","hentry","category-o-site"],"_links":{"self":[{"href":"https:\/\/www.caririemacao.com\/1\/wp-json\/wp\/v2\/posts\/65867","targetHints":{"allow":["GET"]}}],"collection":[{"href":"https:\/\/www.caririemacao.com\/1\/wp-json\/wp\/v2\/posts"}],"about":[{"href":"https:\/\/www.caririemacao.com\/1\/wp-json\/wp\/v2\/types\/post"}],"author":[{"embeddable":true,"href":"https:\/\/www.caririemacao.com\/1\/wp-json\/wp\/v2\/users\/1"}],"replies":[{"embeddable":true,"href":"https:\/\/www.caririemacao.com\/1\/wp-json\/wp\/v2\/comments?post=65867"}],"version-history":[{"count":1,"href":"https:\/\/www.caririemacao.com\/1\/wp-json\/wp\/v2\/posts\/65867\/revisions"}],"predecessor-version":[{"id":65869,"href":"https:\/\/www.caririemacao.com\/1\/wp-json\/wp\/v2\/posts\/65867\/revisions\/65869"}],"wp:featuredmedia":[{"embeddable":true,"href":"https:\/\/www.caririemacao.com\/1\/wp-json\/wp\/v2\/media\/65868"}],"wp:attachment":[{"href":"https:\/\/www.caririemacao.com\/1\/wp-json\/wp\/v2\/media?parent=65867"}],"wp:term":[{"taxonomy":"category","embeddable":true,"href":"https:\/\/www.caririemacao.com\/1\/wp-json\/wp\/v2\/categories?post=65867"},{"taxonomy":"post_tag","embeddable":true,"href":"https:\/\/www.caririemacao.com\/1\/wp-json\/wp\/v2\/tags?post=65867"}],"curies":[{"name":"wp","href":"https:\/\/api.w.org\/{rel}","templated":true}]}}