{"id":65875,"date":"2018-09-24T07:29:29","date_gmt":"2018-09-24T10:29:29","guid":{"rendered":"http:\/\/www.caririemacao.com\/1\/?p=65875"},"modified":"2018-09-24T08:03:37","modified_gmt":"2018-09-24T11:03:37","slug":"10a-edicao-do-festival-do-mel-em-sao-jose-dos-cordeiros-chega-ao-fim-com-sucesso-na-programacao-tecnica-e-social","status":"publish","type":"post","link":"https:\/\/www.caririemacao.com\/1\/2018\/09\/24\/10a-edicao-do-festival-do-mel-em-sao-jose-dos-cordeiros-chega-ao-fim-com-sucesso-na-programacao-tecnica-e-social\/","title":{"rendered":"10\u00aa Edi\u00e7\u00e3o do Festival do Mel em S\u00e3o Jos\u00e9 dos Cordeiros chega ao fim com sucesso na programa\u00e7\u00e3o t\u00e9cnica e social"},"content":{"rendered":"<p>Terminou neste domingo a 10\u00ba edi\u00e7\u00e3o Festival do Mel em S\u00e3o Jos\u00e9 dos Cordeiros. O evento esse ano foi marcado pelo grande p\u00fablico presente e as novidades apresentadas pela Prefeitura Municipal da cidade.\u00a0 A coordena\u00e7\u00e3o estimou que mais de 30 mil pessoas estiveram prestigiando o evento.<\/p>\n<p>O Festival do Mel come\u00e7ou na \u00faltima quinta-feira (16) com a abertura oficial, concurso \u2018Garota do Mel\u2019 e apresenta\u00e7\u00f5es locais. Na sexta-feira uma multid\u00e3o de turistas lotaram a pra\u00e7a de eventos da cidade com as apresenta\u00e7\u00f5es de M\u00e1rcia Felipe e Luan Estilizado e Forr\u00f3 da Hora. No s\u00e1bado foi a vez Devinho Novaes e Alcymar Monteiro, al\u00e9m de artistas locais e no domingo o cantor Bob Leo animou a tardezinha do mel.<\/p>\n<p>Outro sucesso do evento deste ano foi a programa\u00e7\u00e3o t\u00e9cnica que contou com amostras, semin\u00e1rios e mini cursos que reuniram apicultores de v\u00e1rios estados do Brasil.<\/p>\n<p><img fetchpriority=\"high\" decoding=\"async\" class=\" wp-image-21475 aligncenter\" src=\"http:\/\/www.paraibamix.com.br\/wp-content\/uploads\/2018\/09\/42335846_1858292414246407_8114140743469105152_n.jpg\" sizes=\"(max-width: 538px) 100vw, 538px\" srcset=\"http:\/\/www.paraibamix.com.br\/wp-content\/uploads\/2018\/09\/42335846_1858292414246407_8114140743469105152_n.jpg 960w, http:\/\/www.paraibamix.com.br\/wp-content\/uploads\/2018\/09\/42335846_1858292414246407_8114140743469105152_n-150x113.jpg 150w, http:\/\/www.paraibamix.com.br\/wp-content\/uploads\/2018\/09\/42335846_1858292414246407_8114140743469105152_n-300x225.jpg 300w, http:\/\/www.paraibamix.com.br\/wp-content\/uploads\/2018\/09\/42335846_1858292414246407_8114140743469105152_n-768x576.jpg 768w\" alt=\"\" width=\"538\" height=\"404\" \/><\/p>\n<p>O Secret\u00e1rio de Agricultura, Dayvison Romeryto, avaliou a 10\u00aa edi\u00e7\u00e3o do evento como um sucesso total de p\u00fablico que mais uma vez consolidou o Festival do Mel como um dos maiores eventos tem\u00e1ticos do nordeste.<\/p>\n<p>O Prefeito da cidade, Jefferson Roberto, agradeceu a participa\u00e7\u00e3o de todos os colaboradores e turistas que participaram da edi\u00e7\u00e3o 2018 do evento movimentando a economia local e promovendo uma das melhores festas da Para\u00edba.<\/p>\n<p>TV Cabo Branco<\/p>\n<p>Cariri em A\u00e7\u00e3o<\/p>\n<p>Leia mais not\u00edcias em\u00a0<a href=\"http:\/\/www.caririemacao.com\/\">caririemacao.com<\/a>, siga nossa p\u00e1gina no\u00a0<a href=\"https:\/\/www.facebook.com\/CaririEmAcao\/?ref=aymt_homepage_panel\">Facebook<\/a>,\u00a0<a href=\"https:\/\/www.instagram.com\/cariri_em_acao\/?hl=pt-br\">Instagram<\/a>\u00a0e\u00a0<a href=\"https:\/\/www.youtube.com\/channel\/UCAptA0jQuYQy8vMhLt2m4qg\">Youtube<\/a>\u00a0e veja nossas mat\u00e9rias, v\u00eddeos e fotos. Voc\u00ea tamb\u00e9m pode enviar informa\u00e7\u00f5es \u00e0 Reda\u00e7\u00e3o do Portal Cariri em A\u00e7\u00e3o pelo WhatsApp (83) 9 9634.5791, (83) 9 9601-1162.<\/p>\n","protected":false},"excerpt":{"rendered":"<p>Terminou neste domingo a 10\u00ba edi\u00e7\u00e3o Festival do Mel em S\u00e3o Jos\u00e9 dos Cordeiros. O evento esse ano foi marcado pelo grande p\u00fablico presente e&hellip; <\/p>\n","protected":false},"author":1,"featured_media":65876,"comment_status":"closed","ping_status":"closed","sticky":false,"template":"","format":"standard","meta":{"sfsi_plus_gutenberg_text_before_share":"","sfsi_plus_gutenberg_show_text_before_share":"","sfsi_plus_gutenberg_icon_type":"","sfsi_plus_gutenberg_icon_alignemt":"","sfsi_plus_gutenburg_max_per_row":"","footnotes":""},"categories":[6],"tags":[],"class_list":["post-65875","post","type-post","status-publish","format-standard","has-post-thumbnail","hentry","category-cidades"],"_links":{"self":[{"href":"https:\/\/www.caririemacao.com\/1\/wp-json\/wp\/v2\/posts\/65875","targetHints":{"allow":["GET"]}}],"collection":[{"href":"https:\/\/www.caririemacao.com\/1\/wp-json\/wp\/v2\/posts"}],"about":[{"href":"https:\/\/www.caririemacao.com\/1\/wp-json\/wp\/v2\/types\/post"}],"author":[{"embeddable":true,"href":"https:\/\/www.caririemacao.com\/1\/wp-json\/wp\/v2\/users\/1"}],"replies":[{"embeddable":true,"href":"https:\/\/www.caririemacao.com\/1\/wp-json\/wp\/v2\/comments?post=65875"}],"version-history":[{"count":2,"href":"https:\/\/www.caririemacao.com\/1\/wp-json\/wp\/v2\/posts\/65875\/revisions"}],"predecessor-version":[{"id":65881,"href":"https:\/\/www.caririemacao.com\/1\/wp-json\/wp\/v2\/posts\/65875\/revisions\/65881"}],"wp:featuredmedia":[{"embeddable":true,"href":"https:\/\/www.caririemacao.com\/1\/wp-json\/wp\/v2\/media\/65876"}],"wp:attachment":[{"href":"https:\/\/www.caririemacao.com\/1\/wp-json\/wp\/v2\/media?parent=65875"}],"wp:term":[{"taxonomy":"category","embeddable":true,"href":"https:\/\/www.caririemacao.com\/1\/wp-json\/wp\/v2\/categories?post=65875"},{"taxonomy":"post_tag","embeddable":true,"href":"https:\/\/www.caririemacao.com\/1\/wp-json\/wp\/v2\/tags?post=65875"}],"curies":[{"name":"wp","href":"https:\/\/api.w.org\/{rel}","templated":true}]}}