{"id":65878,"date":"2018-09-24T07:49:05","date_gmt":"2018-09-24T10:49:05","guid":{"rendered":"http:\/\/www.caririemacao.com\/1\/?p=65878"},"modified":"2018-09-24T07:49:05","modified_gmt":"2018-09-24T10:49:05","slug":"previsao-do-tempo-para-esta-segunda-feira-em-toda-paraiba-7","status":"publish","type":"post","link":"https:\/\/www.caririemacao.com\/1\/2018\/09\/24\/previsao-do-tempo-para-esta-segunda-feira-em-toda-paraiba-7\/","title":{"rendered":"Previs\u00e3o do tempo para esta segunda-feira em toda Para\u00edba"},"content":{"rendered":"<p>As condi\u00e7\u00f5es meteorol\u00f3gicas observadas nas \u00faltimas 24 horas mostram a persist\u00eancia de reduzida nebulosidade em praticamente todo estado da Para\u00edba .O tempo na Para\u00edba, no dia de hoje, dever\u00e1 permanecer com nebulosidade vari\u00e1vel.<\/p>\n<p><img decoding=\"async\" class=\"aligncenter size-full wp-image-506147 lazyloaded\" src=\"https:\/\/paraibaonline.com.br\/wp-content\/uploads\/2018\/09\/tempo2409.jpg\" sizes=\"(max-width: 800px) 100vw, 800px\" srcset=\"https:\/\/paraibaonline.com.br\/wp-content\/uploads\/2018\/09\/tempo2409.jpg 800w, https:\/\/paraibaonline.com.br\/wp-content\/uploads\/2018\/09\/tempo2409-567x354.jpg 567w\" alt=\"\" data-lazy-src=\"https:\/\/paraibaonline.com.br\/wp-content\/uploads\/2018\/09\/tempo2409.jpg\" data-lazy-srcset=\"https:\/\/paraibaonline.com.br\/wp-content\/uploads\/2018\/09\/tempo2409.jpg 800w, https:\/\/paraibaonline.com.br\/wp-content\/uploads\/2018\/09\/tempo2409-567x354.jpg 567w\" data-lazy-sizes=\"(max-width: 800px) 100vw, 800px\" data-was-processed=\"true\" \/><\/p>\n<p>Aesa\/PB<\/p>\n<p>Cariri em A\u00e7\u00e3o<\/p>\n<p>Leia mais not\u00edcias em\u00a0<a href=\"http:\/\/www.caririemacao.com\/\">caririemacao.com<\/a>, siga nossa p\u00e1gina no\u00a0<a href=\"https:\/\/www.facebook.com\/CaririEmAcao\/?ref=aymt_homepage_panel\">Facebook<\/a>,\u00a0<a href=\"https:\/\/www.instagram.com\/cariri_em_acao\/?hl=pt-br\">Instagram<\/a>\u00a0e\u00a0<a href=\"https:\/\/www.youtube.com\/channel\/UCAptA0jQuYQy8vMhLt2m4qg\">Youtube<\/a>\u00a0e veja nossas mat\u00e9rias, v\u00eddeos e fotos. Voc\u00ea tamb\u00e9m pode enviar informa\u00e7\u00f5es \u00e0 Reda\u00e7\u00e3o do Portal Cariri em A\u00e7\u00e3o pelo WhatsApp (83) 9 9634.5791, (83) 9 9601-1162.<\/p>\n","protected":false},"excerpt":{"rendered":"<p>As condi\u00e7\u00f5es meteorol\u00f3gicas observadas nas \u00faltimas 24 horas mostram a persist\u00eancia de reduzida nebulosidade em praticamente todo estado da Para\u00edba .O tempo na Para\u00edba, no&hellip; <\/p>\n","protected":false},"author":1,"featured_media":61671,"comment_status":"closed","ping_status":"closed","sticky":false,"template":"","format":"standard","meta":{"sfsi_plus_gutenberg_text_before_share":"","sfsi_plus_gutenberg_show_text_before_share":"","sfsi_plus_gutenberg_icon_type":"","sfsi_plus_gutenberg_icon_alignemt":"","sfsi_plus_gutenburg_max_per_row":"","footnotes":""},"categories":[2],"tags":[],"class_list":["post-65878","post","type-post","status-publish","format-standard","has-post-thumbnail","hentry","category-geral"],"_links":{"self":[{"href":"https:\/\/www.caririemacao.com\/1\/wp-json\/wp\/v2\/posts\/65878","targetHints":{"allow":["GET"]}}],"collection":[{"href":"https:\/\/www.caririemacao.com\/1\/wp-json\/wp\/v2\/posts"}],"about":[{"href":"https:\/\/www.caririemacao.com\/1\/wp-json\/wp\/v2\/types\/post"}],"author":[{"embeddable":true,"href":"https:\/\/www.caririemacao.com\/1\/wp-json\/wp\/v2\/users\/1"}],"replies":[{"embeddable":true,"href":"https:\/\/www.caririemacao.com\/1\/wp-json\/wp\/v2\/comments?post=65878"}],"version-history":[{"count":1,"href":"https:\/\/www.caririemacao.com\/1\/wp-json\/wp\/v2\/posts\/65878\/revisions"}],"predecessor-version":[{"id":65879,"href":"https:\/\/www.caririemacao.com\/1\/wp-json\/wp\/v2\/posts\/65878\/revisions\/65879"}],"wp:featuredmedia":[{"embeddable":true,"href":"https:\/\/www.caririemacao.com\/1\/wp-json\/wp\/v2\/media\/61671"}],"wp:attachment":[{"href":"https:\/\/www.caririemacao.com\/1\/wp-json\/wp\/v2\/media?parent=65878"}],"wp:term":[{"taxonomy":"category","embeddable":true,"href":"https:\/\/www.caririemacao.com\/1\/wp-json\/wp\/v2\/categories?post=65878"},{"taxonomy":"post_tag","embeddable":true,"href":"https:\/\/www.caririemacao.com\/1\/wp-json\/wp\/v2\/tags?post=65878"}],"curies":[{"name":"wp","href":"https:\/\/api.w.org\/{rel}","templated":true}]}}