{"id":65880,"date":"2018-09-24T08:04:40","date_gmt":"2018-09-24T11:04:40","guid":{"rendered":"http:\/\/www.caririemacao.com\/1\/?p=65880"},"modified":"2018-09-24T08:05:47","modified_gmt":"2018-09-24T11:05:47","slug":"toffoli-assume-presidencia-da-republica-pela-primeira-vez","status":"publish","type":"post","link":"https:\/\/www.caririemacao.com\/1\/2018\/09\/24\/toffoli-assume-presidencia-da-republica-pela-primeira-vez\/","title":{"rendered":"Toffoli assume Presid\u00eancia da Rep\u00fablica pela primeira vez"},"content":{"rendered":"<p>Presidente do STF fica interinamente \u00e0 frente do Planalto enquanto Temer vai a Nova York para Assembleia Geral da ONU. Duas leis est\u00e3o na pauta. Presidentes do Congresso n\u00e3o assumiram por causa das elei\u00e7\u00f5es.<\/p>\n<p>O ministro Dias Toffoli, presidente do Supremo Tribunal Federal (STF), assumiu neste domingo (23\/09) a Presid\u00eancia da Rep\u00fablica de forma interina, em ocasi\u00e3o da viagem do presidente Michel Temer a Nova York para a abertura da 73\u00aa Assembleia Geral das Na\u00e7\u00f5es Unidas.<\/p>\n<p>Antes de partir para os Estados Unidos neste domingo, Temer transferiu o cargo ao chefe do Supremo durante uma r\u00e1pida cerim\u00f4nia na Base A\u00e9rea de Bras\u00edlia. \u00c9 a primeira vez que Toffoli \u2013 que assumiu a presid\u00eancia do STF em 13 de setembro \u2013 estar\u00e1 a frente do Planalto.<\/p>\n<p>Ele estar\u00e1 na cadeira de Temer nesta segunda e ter\u00e7a-feira. Nesse per\u00edodo, Toffoli deve assinar a nomea\u00e7\u00e3o do conselheiro do Conselho Nacional de Justi\u00e7a (CNJ) Henrique \u00c1vila e uma lei sobre licen\u00e7a paternidade para militares.<\/p>\n<p>Al\u00e9m disso, deve ratificar uma lei que inscreve o nome do ex-governador de Pernambuco Miguel Arraes (1916-2005) no Livro de Her\u00f3is da P\u00e1tria.<\/p>\n<p>O presidente do STF assume o cargo de Temer em fun\u00e7\u00e3o da legisla\u00e7\u00e3o eleitoral. Como o posto de vice-presidente est\u00e1 vago, a primeira pessoa na linha sucess\u00f3ria \u00e9 o presidente da C\u00e2mara dos Deputados, Rodrigo Maia (DEM-RJ), e o segundo, o do Senado, Eun\u00edcio Oliveira (MDB-CE).<\/p>\n<p>A lei eleitoral, contudo, impede que candidatos ocupem cargos no Executivo nos seis meses que antecedem as elei\u00e7\u00f5es. Dessa forma, se Maia ou Eun\u00edcio assumissem a Presid\u00eancia, eles ficariam ineleg\u00edveis e n\u00e3o poderiam disputar o pleito de outubro.<\/p>\n<p>Como ambos s\u00e3o candidatos \u00e0 reelei\u00e7\u00e3o em seus cargos no Legislativo, eles tiveram de sair do pa\u00eds para evitar serem convocados a assumir o Planalto.<\/p>\n<p>Seguindo a mesma legisla\u00e7\u00e3o, a ministra C\u00e1rmen L\u00facia, que antecedeu Toffoli na presid\u00eancia do Supremo, tomou posse interinamente no cargo de Temer quatro vezes neste ano, enquanto o presidente estava em viagem ao exterior.<\/p>\n<p><strong>Assembleia da ONU<\/strong><\/p>\n<p>Temer embarcou neste domingo, dia em que completa 78 anos, a Nova York para participar de sua \u00faltima Assembleia Geral das Na\u00e7\u00f5es Unidas, marcada para ter\u00e7a-feira, 25 de setembro. Desde a 10\u00aa sess\u00e3o da c\u00fapula, em 1955, o Brasil \u00e9 sempre o primeiro pa\u00eds a discursar.<\/p>\n<p>Em Nova York, o presidente tem uma reuni\u00e3o marcada com o secret\u00e1rio-geral da ONU, Ant\u00f3nio Guterres. Ele tamb\u00e9m deve participar de um encontro bilateral com o presidente da Col\u00f4mbia, Iv\u00e1n Duque M\u00e1rquez, e, em seguida, de uma reuni\u00e3o com presidentes do Mercosul, bloco que re\u00fane Argentina, Brasil, Paraguai e Uruguai.<\/p>\n<p><em><strong>Msn\/Foto:Internet\u00a0<\/strong><\/em><\/p>\n","protected":false},"excerpt":{"rendered":"<p>Presidente do STF fica interinamente \u00e0 frente do Planalto enquanto Temer vai a Nova York para Assembleia Geral da ONU. Duas leis est\u00e3o na pauta.&hellip; <\/p>\n","protected":false},"author":1,"featured_media":65639,"comment_status":"closed","ping_status":"closed","sticky":false,"template":"","format":"standard","meta":{"sfsi_plus_gutenberg_text_before_share":"","sfsi_plus_gutenberg_show_text_before_share":"","sfsi_plus_gutenberg_icon_type":"","sfsi_plus_gutenberg_icon_alignemt":"","sfsi_plus_gutenburg_max_per_row":"","footnotes":""},"categories":[2],"tags":[],"class_list":["post-65880","post","type-post","status-publish","format-standard","has-post-thumbnail","hentry","category-geral"],"_links":{"self":[{"href":"https:\/\/www.caririemacao.com\/1\/wp-json\/wp\/v2\/posts\/65880","targetHints":{"allow":["GET"]}}],"collection":[{"href":"https:\/\/www.caririemacao.com\/1\/wp-json\/wp\/v2\/posts"}],"about":[{"href":"https:\/\/www.caririemacao.com\/1\/wp-json\/wp\/v2\/types\/post"}],"author":[{"embeddable":true,"href":"https:\/\/www.caririemacao.com\/1\/wp-json\/wp\/v2\/users\/1"}],"replies":[{"embeddable":true,"href":"https:\/\/www.caririemacao.com\/1\/wp-json\/wp\/v2\/comments?post=65880"}],"version-history":[{"count":2,"href":"https:\/\/www.caririemacao.com\/1\/wp-json\/wp\/v2\/posts\/65880\/revisions"}],"predecessor-version":[{"id":65884,"href":"https:\/\/www.caririemacao.com\/1\/wp-json\/wp\/v2\/posts\/65880\/revisions\/65884"}],"wp:featuredmedia":[{"embeddable":true,"href":"https:\/\/www.caririemacao.com\/1\/wp-json\/wp\/v2\/media\/65639"}],"wp:attachment":[{"href":"https:\/\/www.caririemacao.com\/1\/wp-json\/wp\/v2\/media?parent=65880"}],"wp:term":[{"taxonomy":"category","embeddable":true,"href":"https:\/\/www.caririemacao.com\/1\/wp-json\/wp\/v2\/categories?post=65880"},{"taxonomy":"post_tag","embeddable":true,"href":"https:\/\/www.caririemacao.com\/1\/wp-json\/wp\/v2\/tags?post=65880"}],"curies":[{"name":"wp","href":"https:\/\/api.w.org\/{rel}","templated":true}]}}