{"id":65885,"date":"2018-09-24T08:09:53","date_gmt":"2018-09-24T11:09:53","guid":{"rendered":"http:\/\/www.caririemacao.com\/1\/?p=65885"},"modified":"2018-09-24T08:09:53","modified_gmt":"2018-09-24T11:09:53","slug":"veja-agenda-desta-segunda-dos-candidatos-ao-governo-da-paraiba","status":"publish","type":"post","link":"https:\/\/www.caririemacao.com\/1\/2018\/09\/24\/veja-agenda-desta-segunda-dos-candidatos-ao-governo-da-paraiba\/","title":{"rendered":"Veja agenda desta segunda dos candidatos ao governo da Para\u00edba"},"content":{"rendered":"<p>Os candidatos ao governo da Para\u00edba cumprem agenda de campanha nesta segunda-feira (24). Os compromissos de campanha incluem entrevistas, grava\u00e7\u00e3o de guia eleitoral e reuni\u00e3o com apoiadores e empres\u00e1rios. Confira abaixo:<\/p>\n<p><strong>Jo\u00e3o Azev\u00eado (PSB)<\/strong><\/p>\n<p>08h \u2013 Grava para guia eleitoral<\/p>\n<p>10h \u2013 Concede entrevista a uma emissora de r\u00e1dio em Jo\u00e3o Pessoa<\/p>\n<p>11h \u2013 Concede entrevista a uma emissora de TV em Jo\u00e3o Pessoa<\/p>\n<p>15h \u2013 Participa de debate com empres\u00e1rios, na sede da Fiep, em Campina Grande<\/p>\n<p>20h \u2013 Participa de debate realizado por um portal de not\u00edcias em Cajazeiras<\/p>\n<p><strong>Jos\u00e9 Maranh\u00e3o (MDB)<\/strong><\/p>\n<p>Manh\u00e3 \u2013 Grava para guia eleitoral<\/p>\n<p>13h \u2013 Sabatina na Fiep em Campina Grande<\/p>\n<p>20h \u2013 \u00a0Participa de debate realizado por um portal de not\u00edcias em Cajazeiras<\/p>\n<p><strong>Luc\u00e9lio Cartaxo (PV)<\/strong><\/p>\n<p>10h \u2013 Reuni\u00e3o com coordena\u00e7\u00e3o de campanha<\/p>\n<p>15h15 \u2013 Participa de sabatina da Fiep, em Campina Grande<\/p>\n<p>20h \u2013 Participa de debate realizado por um portal de not\u00edcias em Cajazeiras<\/p>\n<p><strong>Rama Dantas (PSTU)<\/strong><\/p>\n<p>At\u00e9 a publica\u00e7\u00e3o, a candidata n\u00e3o tinha enviado agenda<\/p>\n<p><strong>T\u00e1rcio Teixeira (PSOL)<\/strong><\/p>\n<p>Manh\u00e3 \u2013 Minicom\u00edcios em Cajazeiras<\/p>\n<p>Tarde \u2013 Reuni\u00e3o com apoiadores e prepara\u00e7\u00e3o para debate<\/p>\n<p>Noite \u2013 Participa de debate realizado por um portal de not\u00edcias em Cajazeiras<\/p>\n<p><em><strong>Portal Correio\u00a0\u00a0<\/strong><\/em><\/p>\n","protected":false},"excerpt":{"rendered":"<p>Os candidatos ao governo da Para\u00edba cumprem agenda de campanha nesta segunda-feira (24). Os compromissos de campanha incluem entrevistas, grava\u00e7\u00e3o de guia eleitoral e reuni\u00e3o&hellip; <\/p>\n","protected":false},"author":1,"featured_media":62510,"comment_status":"closed","ping_status":"closed","sticky":false,"template":"","format":"standard","meta":{"sfsi_plus_gutenberg_text_before_share":"","sfsi_plus_gutenberg_show_text_before_share":"","sfsi_plus_gutenberg_icon_type":"","sfsi_plus_gutenberg_icon_alignemt":"","sfsi_plus_gutenburg_max_per_row":"","footnotes":""},"categories":[1],"tags":[],"class_list":["post-65885","post","type-post","status-publish","format-standard","has-post-thumbnail","hentry","category-o-site"],"_links":{"self":[{"href":"https:\/\/www.caririemacao.com\/1\/wp-json\/wp\/v2\/posts\/65885","targetHints":{"allow":["GET"]}}],"collection":[{"href":"https:\/\/www.caririemacao.com\/1\/wp-json\/wp\/v2\/posts"}],"about":[{"href":"https:\/\/www.caririemacao.com\/1\/wp-json\/wp\/v2\/types\/post"}],"author":[{"embeddable":true,"href":"https:\/\/www.caririemacao.com\/1\/wp-json\/wp\/v2\/users\/1"}],"replies":[{"embeddable":true,"href":"https:\/\/www.caririemacao.com\/1\/wp-json\/wp\/v2\/comments?post=65885"}],"version-history":[{"count":1,"href":"https:\/\/www.caririemacao.com\/1\/wp-json\/wp\/v2\/posts\/65885\/revisions"}],"predecessor-version":[{"id":65886,"href":"https:\/\/www.caririemacao.com\/1\/wp-json\/wp\/v2\/posts\/65885\/revisions\/65886"}],"wp:featuredmedia":[{"embeddable":true,"href":"https:\/\/www.caririemacao.com\/1\/wp-json\/wp\/v2\/media\/62510"}],"wp:attachment":[{"href":"https:\/\/www.caririemacao.com\/1\/wp-json\/wp\/v2\/media?parent=65885"}],"wp:term":[{"taxonomy":"category","embeddable":true,"href":"https:\/\/www.caririemacao.com\/1\/wp-json\/wp\/v2\/categories?post=65885"},{"taxonomy":"post_tag","embeddable":true,"href":"https:\/\/www.caririemacao.com\/1\/wp-json\/wp\/v2\/tags?post=65885"}],"curies":[{"name":"wp","href":"https:\/\/api.w.org\/{rel}","templated":true}]}}