{"id":65888,"date":"2018-09-24T08:14:15","date_gmt":"2018-09-24T11:14:15","guid":{"rendered":"http:\/\/www.caririemacao.com\/1\/?p=65888"},"modified":"2018-09-24T08:14:15","modified_gmt":"2018-09-24T11:14:15","slug":"tre-pb-comeca-preparacao-para-urnas-usadas-nas-eleicoes","status":"publish","type":"post","link":"https:\/\/www.caririemacao.com\/1\/2018\/09\/24\/tre-pb-comeca-preparacao-para-urnas-usadas-nas-eleicoes\/","title":{"rendered":"TRE-PB come\u00e7a prepara\u00e7\u00e3o para urnas usadas nas elei\u00e7\u00f5es"},"content":{"rendered":"<p>O Tribunal Regional Eleitoral (TRE-PB) come\u00e7a nesta segunda-feira (24) a prepara\u00e7\u00e3o das\u00a0urnas eletr\u00f4nicas que ser\u00e3o utilizadas nas\u00a0Elei\u00e7\u00f5es 2018.\u00a0Essa etapa est\u00e1 sob a responsabilidade da ju\u00edza Michelini de Oliveira Dantas Jatob\u00e1, presidente da Comiss\u00e3o de Prepara\u00e7\u00e3o das Urnas.<\/p>\n<p>Os trabalhos ser\u00e3o realizados nos N\u00facleos de Voto Informatizados (NVI), antigos NATUs, que funcionam na Capital, Campina Grande, Patos, Pombal e Cajazeiras.\u00a0O N\u00facleo de Voto Informatizado de Jo\u00e3o Pessoa est\u00e1 localizado na avenida H\u00edlton Souto Maior, s\/n, no bairro do Jos\u00e9 Am\u00e9rico.<\/p>\n<p>Segundo dados estat\u00edsticos do TRE-PB, os paraibanos ter\u00e3o 422 candidatos homens e 199 candidatas mulheres, para todos os cargos em disputa. Apesar de o eleitorado feminino predominar na Para\u00edba com 52,9%, os cargos em disputa s\u00e3o de maioria masculina, com 68%, contra 32% feminino.<\/p>\n<p><strong>Como funciona<\/strong><\/p>\n<p>Os procedimentos incluem a\u00a0inser\u00e7\u00e3o dos dados e fotos\u00a0dos 621 candidatos, sendo 13\u00a0\u00a0ao cargo de presidente e seus vices, 5 candidatos a governador e seus vices, 7 a senadores e seus suplentes, 159 a deputados federais e 429 a deputados estaduais. Tamb\u00e9m ser\u00e3o inseridas\u00a0informa\u00e7\u00f5es dos eleitores\u00a0de cada se\u00e7\u00e3o, para onde ir\u00e3o as urnas eletr\u00f4nicas e as m\u00eddias para grava\u00e7\u00e3o dos resultados.<\/p>\n<p>O desembargador Romero Marcelo, presidente do TRE-PB, informou que ser\u00e3o utilizadas 11.609 mil urnas, sendo que 9.946 destinadas \u00e0s se\u00e7\u00f5es eleitorais, 7 para se\u00e7\u00f5es de presos provis\u00f3rios, 2 para se\u00e7\u00f5es de voto em tr\u00e2nsito e 9 para se\u00e7\u00f5es de justificativas, contabilizando 10.027 urnas. O restante (1.582 urnas), figurar\u00e3o como reserva de conting\u00eancia para casos em que houver a necessidade de substitui\u00e7\u00e3o de algum equipamento.<\/p>\n<p><strong>Quem participa<\/strong><\/p>\n<p>Representantes do Minist\u00e9rio P\u00fablico, de partidos pol\u00edticos e de entidades, como a Ordem dos Advogados do Brasil (OAB), foram convidados para presenciar a carga das urnas. Durante os procedimentos as pessoas presentes podem conferir os dados e acompanhar todas as atividades, para atestar a\u00a0transpar\u00eancia do processo.<\/p>\n<p><em><strong>Portal Correio\/ Foto: internet\u00a0<\/strong><\/em><\/p>\n","protected":false},"excerpt":{"rendered":"<p>O Tribunal Regional Eleitoral (TRE-PB) come\u00e7a nesta segunda-feira (24) a prepara\u00e7\u00e3o das\u00a0urnas eletr\u00f4nicas que ser\u00e3o utilizadas nas\u00a0Elei\u00e7\u00f5es 2018.\u00a0Essa etapa est\u00e1 sob a responsabilidade da ju\u00edza&hellip; <\/p>\n","protected":false},"author":1,"featured_media":921,"comment_status":"closed","ping_status":"closed","sticky":false,"template":"","format":"standard","meta":{"sfsi_plus_gutenberg_text_before_share":"","sfsi_plus_gutenberg_show_text_before_share":"","sfsi_plus_gutenberg_icon_type":"","sfsi_plus_gutenberg_icon_alignemt":"","sfsi_plus_gutenburg_max_per_row":"","footnotes":""},"categories":[1],"tags":[],"class_list":["post-65888","post","type-post","status-publish","format-standard","has-post-thumbnail","hentry","category-o-site"],"_links":{"self":[{"href":"https:\/\/www.caririemacao.com\/1\/wp-json\/wp\/v2\/posts\/65888","targetHints":{"allow":["GET"]}}],"collection":[{"href":"https:\/\/www.caririemacao.com\/1\/wp-json\/wp\/v2\/posts"}],"about":[{"href":"https:\/\/www.caririemacao.com\/1\/wp-json\/wp\/v2\/types\/post"}],"author":[{"embeddable":true,"href":"https:\/\/www.caririemacao.com\/1\/wp-json\/wp\/v2\/users\/1"}],"replies":[{"embeddable":true,"href":"https:\/\/www.caririemacao.com\/1\/wp-json\/wp\/v2\/comments?post=65888"}],"version-history":[{"count":1,"href":"https:\/\/www.caririemacao.com\/1\/wp-json\/wp\/v2\/posts\/65888\/revisions"}],"predecessor-version":[{"id":65891,"href":"https:\/\/www.caririemacao.com\/1\/wp-json\/wp\/v2\/posts\/65888\/revisions\/65891"}],"wp:featuredmedia":[{"embeddable":true,"href":"https:\/\/www.caririemacao.com\/1\/wp-json\/wp\/v2\/media\/921"}],"wp:attachment":[{"href":"https:\/\/www.caririemacao.com\/1\/wp-json\/wp\/v2\/media?parent=65888"}],"wp:term":[{"taxonomy":"category","embeddable":true,"href":"https:\/\/www.caririemacao.com\/1\/wp-json\/wp\/v2\/categories?post=65888"},{"taxonomy":"post_tag","embeddable":true,"href":"https:\/\/www.caririemacao.com\/1\/wp-json\/wp\/v2\/tags?post=65888"}],"curies":[{"name":"wp","href":"https:\/\/api.w.org\/{rel}","templated":true}]}}