{"id":65892,"date":"2018-09-24T08:17:38","date_gmt":"2018-09-24T11:17:38","guid":{"rendered":"http:\/\/www.caririemacao.com\/1\/?p=65892"},"modified":"2018-09-24T08:17:38","modified_gmt":"2018-09-24T11:17:38","slug":"em-sume-aberto-concurso-para-professor-de-engenharia-de-producao-da-ufcg","status":"publish","type":"post","link":"https:\/\/www.caririemacao.com\/1\/2018\/09\/24\/em-sume-aberto-concurso-para-professor-de-engenharia-de-producao-da-ufcg\/","title":{"rendered":"EM SUM\u00c9: Aberto concurso para professor de Engenharia de Produ\u00e7\u00e3o da UFCG"},"content":{"rendered":"<p>Est\u00e1 dispon\u00edvel o edital do\u00a0concurso p\u00fablico de provas e t\u00edtulos\u00a0para contrata\u00e7\u00e3o de\u00a0um professor da\u00a0Universidade Federal de Campina Grande (UFCG),\u00a0campus de Sum\u00e9. As provas ser\u00e3o para as \u00e1reas de\u00a0Engenharia de Produ\u00e7\u00e3o, sub\u00e1rea Engenharia de Opera\u00e7\u00f5es e Processos da Produ\u00e7\u00e3o.<\/p>\n<p>As inscri\u00e7\u00f5es t\u00eam in\u00edcio\u00a0nesta segunda (24) e seguem at\u00e9\u00a022 de outubro. O candidato selecionado ir\u00e1 ingressar\u00a0na carreira de Magist\u00e9rio Superior como professor adjunto, cumprindo uma jornada de trabalho de 40 horas semanais, em regime de dedica\u00e7\u00e3o exclusiva (DE).\u00a0<strong>\u00a0<u><\/u>Confira aqui o\u00a0<a href=\"http:\/\/www.ufcg.edu.br:8080\/chamadas\/downloads\/532475.pdf\" target=\"_blank\" rel=\"noopener\" data-saferedirecturl=\"https:\/\/www.google.com\/url?q=http:\/\/www.ufcg.edu.br:8080\/chamadas\/downloads\/532475.pdf&amp;source=gmail&amp;ust=1537648194449000&amp;usg=AFQjCNEeh-BwyiaXF3lUxRbw_yTIHx_bZw\">edital completo<\/a>.<\/strong><\/p>\n<p>Podem concorrer candidatos que tenham\u00a0gradua\u00e7\u00e3o em Engenharia de Produ\u00e7\u00e3o ou Engenharia de Produ\u00e7\u00e3o Mec\u00e2nica e doutorado em Engenharia de Produ\u00e7\u00e3o. A remunera\u00e7\u00e3o total, com a retribui\u00e7\u00e3o por titula\u00e7\u00e3o, soma R$\u00a09.600,92.<u><\/u><u><\/u><u><\/u>\u00a0<u><\/u><\/p>\n<p class=\"m_6225209188955492989m_4229074566927849276MsoNoSpacing\">As inscri\u00e7\u00f5es ser\u00e3o realizadas na Secretaria da Unidade Acad\u00eamica de Engenharia de Produ\u00e7\u00e3o do Centro de Desenvolvimento Sustent\u00e1vel do Semi\u00e1rido (CDSA), campus de Sum\u00e9. Os interessados dever\u00e3o pagar a Guia de Recolhimento da Uni\u00e3o (GRU), no valor de R$ 150, preencher o requerimento de inscri\u00e7\u00e3o dispon\u00edvel no edital e se dirigir\u00a0ao local\u00a0com a documenta\u00e7\u00e3o exigida.\u00a0O hor\u00e1rio de atendimento \u00e9 das 8h \u00e0s 11h e das 14h \u00e0s 17h.\u00a0Tamb\u00e9m ser\u00e3o aceitas inscri\u00e7\u00f5es por procura\u00e7\u00e3o e via postal.\u00a0\u00a0<u><\/u><u><\/u><u><\/u>\u00a0<u><\/u><\/p>\n<p class=\"m_6225209188955492989m_4229074566927849276MsoNoSpacing\">O concurso compreender\u00e1 tr\u00eas fases seguintes, todas de car\u00e1ter\u00a0eliminat\u00f3rio: prova escrita, prova\u00a0did\u00e1tica\u00a0e exame de t\u00edtulos. As etapas ser\u00e3o realizadas\u00a0entre os dias 20 e\u00a023 de novembro.\u00a0<u><\/u><u><\/u><\/p>\n<p class=\"m_6225209188955492989m_4229074566927849276MsoNoSpacing\">Mais informa\u00e7\u00f5es podem ser obtidas pelo telefone\u00a0(83) 3353.1850.<\/p>\n<p><em><strong>Ascom<\/strong><\/em><\/p>\n","protected":false},"excerpt":{"rendered":"<p>Est\u00e1 dispon\u00edvel o edital do\u00a0concurso p\u00fablico de provas e t\u00edtulos\u00a0para contrata\u00e7\u00e3o de\u00a0um professor da\u00a0Universidade Federal de Campina Grande (UFCG),\u00a0campus de Sum\u00e9. As provas ser\u00e3o para&hellip; <\/p>\n","protected":false},"author":1,"featured_media":47490,"comment_status":"closed","ping_status":"closed","sticky":false,"template":"","format":"standard","meta":{"sfsi_plus_gutenberg_text_before_share":"","sfsi_plus_gutenberg_show_text_before_share":"","sfsi_plus_gutenberg_icon_type":"","sfsi_plus_gutenberg_icon_alignemt":"","sfsi_plus_gutenburg_max_per_row":"","footnotes":""},"categories":[14],"tags":[],"class_list":["post-65892","post","type-post","status-publish","format-standard","has-post-thumbnail","hentry","category-educacao"],"_links":{"self":[{"href":"https:\/\/www.caririemacao.com\/1\/wp-json\/wp\/v2\/posts\/65892","targetHints":{"allow":["GET"]}}],"collection":[{"href":"https:\/\/www.caririemacao.com\/1\/wp-json\/wp\/v2\/posts"}],"about":[{"href":"https:\/\/www.caririemacao.com\/1\/wp-json\/wp\/v2\/types\/post"}],"author":[{"embeddable":true,"href":"https:\/\/www.caririemacao.com\/1\/wp-json\/wp\/v2\/users\/1"}],"replies":[{"embeddable":true,"href":"https:\/\/www.caririemacao.com\/1\/wp-json\/wp\/v2\/comments?post=65892"}],"version-history":[{"count":1,"href":"https:\/\/www.caririemacao.com\/1\/wp-json\/wp\/v2\/posts\/65892\/revisions"}],"predecessor-version":[{"id":65893,"href":"https:\/\/www.caririemacao.com\/1\/wp-json\/wp\/v2\/posts\/65892\/revisions\/65893"}],"wp:featuredmedia":[{"embeddable":true,"href":"https:\/\/www.caririemacao.com\/1\/wp-json\/wp\/v2\/media\/47490"}],"wp:attachment":[{"href":"https:\/\/www.caririemacao.com\/1\/wp-json\/wp\/v2\/media?parent=65892"}],"wp:term":[{"taxonomy":"category","embeddable":true,"href":"https:\/\/www.caririemacao.com\/1\/wp-json\/wp\/v2\/categories?post=65892"},{"taxonomy":"post_tag","embeddable":true,"href":"https:\/\/www.caririemacao.com\/1\/wp-json\/wp\/v2\/tags?post=65892"}],"curies":[{"name":"wp","href":"https:\/\/api.w.org\/{rel}","templated":true}]}}