{"id":65903,"date":"2018-09-24T08:50:35","date_gmt":"2018-09-24T11:50:35","guid":{"rendered":"http:\/\/www.caririemacao.com\/1\/?p=65903"},"modified":"2018-09-24T08:50:35","modified_gmt":"2018-09-24T11:50:35","slug":"pesquisas-desenvolvidas-na-uepb-potencializam-cultivo-de-horticolas","status":"publish","type":"post","link":"https:\/\/www.caririemacao.com\/1\/2018\/09\/24\/pesquisas-desenvolvidas-na-uepb-potencializam-cultivo-de-horticolas\/","title":{"rendered":"Pesquisas desenvolvidas na UEPB potencializam cultivo de hort\u00edcolas"},"content":{"rendered":"<p>Tr\u00eas pesquisas desenvolvidas por alunos e professores do Centro de Ci\u00eancias Humanas e Agr\u00e1rias (CCHA) da Universidade Estadual da Para\u00edba (UEPB), no C\u00e2mpus IV, t\u00eam ajudado na restaura\u00e7\u00e3o da horticultura na microrregi\u00e3o de Catol\u00e9 do Rocha. A pesquisa \u201cSolaplant\u201d, coordenada pelo professor Evandro Franklin de Mesquita, do curso de Licenciatura em Ci\u00eancias Agr\u00e1rias da UEPB, visa a restaura\u00e7\u00e3o da horticultura da regi\u00e3o, a exemplo do quiabo, abobrinha, da batata-doce, entre outras.<\/p>\n<p>Os primeiros resultados da pesquisa j\u00e1 forneceram dados relevantes para a regi\u00e3o. Atualmente, o grupo est\u00e1 desenvolvendo tr\u00eas projetos de pesquisa com as culturas da melancia, alface e tomate. A pesquisa da melancia estuda l\u00e2minas de irriga\u00e7\u00e3o e Etefon; a de alface, l\u00e2minas de irriga\u00e7\u00e3o e cores de agrot\u00eaxtil; e o experimento de tomate avalia l\u00e2minas de \u00e1gua e sil\u00edcio. De acordo com o professor Evandro, no Nordeste, especificamente no Estado da Para\u00edba, h\u00e1 a necessidade de ado\u00e7\u00e3o de t\u00e9cnicas agron\u00f4micas eficazes para o conv\u00edvio sustent\u00e1vel no semi\u00e1rido.<\/p>\n<p><strong>Redu\u00e7\u00e3o de \u00e1rea plantada<\/strong><\/p>\n<p>Apesar de fazer parte do semi\u00e1rido nordestino, no munic\u00edpio de Catol\u00e9 do Rocha, devido \u00e0 escassez h\u00eddrica nos anos de 2014 a 2017, houve uma diminui\u00e7\u00e3o na \u00e1rea plantada e de produtividade na microrregi\u00e3o de Catol\u00e9 do Rocha. Professor Evandro Franklin explica que o estudo destas culturas tem comprovado a efici\u00eancia de utiliz\u00e1-la de maneira racional para que possa ser mais uma fonte de renda para os agricultores desta microrregi\u00e3o.<\/p>\n<div id=\"td_uid_2_5ba8b6cc05218\" class=\"td-gallery td-slide-on-2-columns\">\n<div class=\"post_td_gallery\">\n<div class=\"td-gallery-slide-top\"><\/div>\n<div class=\"td-doubleSlider-2 td_center_slide2\">\n<div class=\"td-slider\">\n<div class=\"td-button td-item3\">\n<div class=\"td-border\">A evapora\u00e7\u00e3o de refer\u00eancia na microrregi\u00e3o de Catol\u00e9 do Rocha oscila entre 7 e 10 mm\/dia, com isso, a utiliza\u00e7\u00e3o de cores agrot\u00eaxtil \u00e9 a introdu\u00e7\u00e3o de nova tecnologia com a finalidade de minimizar as perdas de \u00e1gua por evapora\u00e7\u00e3o. O sil\u00edcio \u00e9 um elemento mineral que tem despertado interesse por parte dos pesquisadores devido aos benef\u00edcios que este elemento traz a algumas culturas agr\u00edcolas. Por\u00e9m, necessita de estudos para averiguar sua import\u00e2ncia e essencialidade para a nutri\u00e7\u00e3o mineral da abobrinha em regi\u00f5es semi\u00e1ridas.<\/div>\n<\/div>\n<\/div>\n<\/div>\n<\/div>\n<\/div>\n<p>O m\u00e9todo de irriga\u00e7\u00e3o utilizado na pesquisa \u00e9 o localizado, com vaz\u00e3o de 1,2 litro\/hora, com sistema por gotejamento, que se caracteriza pela efici\u00eancia do uso da \u00e1gua e consiste em aplicar \u00e1gua no solo pr\u00f3ximo ao sistema radicular da cultura, em pequenas press\u00f5es e vaz\u00f5es, mas com elevada frequ\u00eancia. Numa regi\u00e3o em que a evapora\u00e7\u00e3o de refer\u00eancia pode chegar at\u00e9 12 mil\u00edmetros por dia, o uso da irriga\u00e7\u00e3o localizada \u00e9 uma necessidade para a agricultura, o que significa menor quantidade de \u00e1gua evaporada da superf\u00edcie do solo e, consequentemente, que a quantidade de \u00e1gua aplicada seja maximamente utilizada pela cultura.<\/p>\n<p><em><strong>Portal Correio<\/strong><\/em><\/p>\n","protected":false},"excerpt":{"rendered":"<p>Tr\u00eas pesquisas desenvolvidas por alunos e professores do Centro de Ci\u00eancias Humanas e Agr\u00e1rias (CCHA) da Universidade Estadual da Para\u00edba (UEPB), no C\u00e2mpus IV, t\u00eam&hellip; <\/p>\n","protected":false},"author":1,"featured_media":65904,"comment_status":"closed","ping_status":"closed","sticky":false,"template":"","format":"standard","meta":{"sfsi_plus_gutenberg_text_before_share":"","sfsi_plus_gutenberg_show_text_before_share":"","sfsi_plus_gutenberg_icon_type":"","sfsi_plus_gutenberg_icon_alignemt":"","sfsi_plus_gutenburg_max_per_row":"","footnotes":""},"categories":[14],"tags":[],"class_list":["post-65903","post","type-post","status-publish","format-standard","has-post-thumbnail","hentry","category-educacao"],"_links":{"self":[{"href":"https:\/\/www.caririemacao.com\/1\/wp-json\/wp\/v2\/posts\/65903","targetHints":{"allow":["GET"]}}],"collection":[{"href":"https:\/\/www.caririemacao.com\/1\/wp-json\/wp\/v2\/posts"}],"about":[{"href":"https:\/\/www.caririemacao.com\/1\/wp-json\/wp\/v2\/types\/post"}],"author":[{"embeddable":true,"href":"https:\/\/www.caririemacao.com\/1\/wp-json\/wp\/v2\/users\/1"}],"replies":[{"embeddable":true,"href":"https:\/\/www.caririemacao.com\/1\/wp-json\/wp\/v2\/comments?post=65903"}],"version-history":[{"count":1,"href":"https:\/\/www.caririemacao.com\/1\/wp-json\/wp\/v2\/posts\/65903\/revisions"}],"predecessor-version":[{"id":65905,"href":"https:\/\/www.caririemacao.com\/1\/wp-json\/wp\/v2\/posts\/65903\/revisions\/65905"}],"wp:featuredmedia":[{"embeddable":true,"href":"https:\/\/www.caririemacao.com\/1\/wp-json\/wp\/v2\/media\/65904"}],"wp:attachment":[{"href":"https:\/\/www.caririemacao.com\/1\/wp-json\/wp\/v2\/media?parent=65903"}],"wp:term":[{"taxonomy":"category","embeddable":true,"href":"https:\/\/www.caririemacao.com\/1\/wp-json\/wp\/v2\/categories?post=65903"},{"taxonomy":"post_tag","embeddable":true,"href":"https:\/\/www.caririemacao.com\/1\/wp-json\/wp\/v2\/tags?post=65903"}],"curies":[{"name":"wp","href":"https:\/\/api.w.org\/{rel}","templated":true}]}}