{"id":65909,"date":"2018-09-24T08:55:34","date_gmt":"2018-09-24T11:55:34","guid":{"rendered":"http:\/\/www.caririemacao.com\/1\/?p=65909"},"modified":"2018-09-24T08:55:34","modified_gmt":"2018-09-24T11:55:34","slug":"cotistas-com-menos-de-60-anos-tem-ultima-semana-para-sacar-pis-pasep","status":"publish","type":"post","link":"https:\/\/www.caririemacao.com\/1\/2018\/09\/24\/cotistas-com-menos-de-60-anos-tem-ultima-semana-para-sacar-pis-pasep\/","title":{"rendered":"Cotistas com menos de 60 anos t\u00eam \u00faltima semana para sacar PIS\/Pasep"},"content":{"rendered":"<p>Esta \u00e9 a \u00faltima semana para que todos os cotistas dos fundos dos programas de Integra\u00e7\u00e3o Social (PIS) e de Forma\u00e7\u00e3o do Patrim\u00f4nio do Servidor P\u00fablico (Pasep) saquem o benef\u00edcio fora dos crit\u00e9rios previstos em lei. O prazo termina na sexta-feira (28).<\/p>\n<p>Conforme determina a\u00a0<a href=\"http:\/\/www.planalto.gov.br\/ccivil_03\/_Ato2015-2018\/2018\/Lei\/L13677.htm\">Lei 13.677\/2018<\/a>, a partir do dia 29 de setembro os saques voltar\u00e3o a ser permitidos somente para os cotistas que atendam a um dos crit\u00e9rios habituais: pessoas com 60 anos ou mais, aposentados, herdeiros de cotistas, pessoas em situa\u00e7\u00e3o de invalidez ou acometidos por doen\u00e7as espec\u00edficas.<\/p>\n<p>Cerca de R$ 17 bilh\u00f5es j\u00e1 foram pagos aos trabalhadores que atuaram entre 1971 e 1988 na iniciativa privada (com carteira assinada) ou no servi\u00e7o p\u00fablico, desde o in\u00edcio do processo de flexibiliza\u00e7\u00e3o dos saques do Fundo PIS\/Pasep, em outubro de 2017, at\u00e9 agora. Do p\u00fablico potencial de 28,5 milh\u00f5es de pessoas que havia em 2017, mais de 15,5 milh\u00f5es de trabalhadores j\u00e1 receberam os recursos, ou seja, 55% do total.<\/p>\n<p>As pessoas com menos de 60 anos representavam, em outubro de 2017, a maior parte dos cotistas do Fundo PIS\/Pasep, somando 16,3 milh\u00f5es de trabalhadores. De acordo com os \u00faltimos dados do Minist\u00e9rio do Planejamento, Desenvolvimento e Gest\u00e3o, at\u00e9 o \u00faltimo dia 16 cerca de 5,7 milh\u00f5es de cotistas nessa faixa et\u00e1ria ainda n\u00e3o haviam se dirigido \u00e0s ag\u00eancias da Caixa Econ\u00f4mica Federal ou do Banco do Brasil para buscar o benef\u00edcio.<\/p>\n<p><strong>Diverg\u00eancias no cadastro<\/strong><\/p>\n<p>Dos R$ 17 bilh\u00f5es j\u00e1 pagos aos cotistas, cerca de 8,5 R$ bilh\u00f5es foram entregues aos trabalhadores por meio de dep\u00f3sito autom\u00e1tico na conta corrente, ou seja, sem a necessidade de ir \u00e0 ag\u00eancia banc\u00e1ria. De acordo com o Minist\u00e9rio do Planejamento, isso foi poss\u00edvel devido aos cr\u00e9ditos feitos pelo Banco do Brasil e a Caixa Econ\u00f4mica Federal aos seus correntistas e a uma parceria envolvendo a Febraban, a Caixa, o Banco do Brasil e mais oito institui\u00e7\u00f5es: Bradesco, Ita\u00fa, Santander, Bancoob, Sicredi, Banestes, BRB e Mercantil.<\/p>\n<p>Devido a quest\u00f5es de seguran\u00e7a e a diverg\u00eancias cadastrais, cerca de 5 milh\u00f5es de cotistas com CPFs v\u00e1lidos n\u00e3o receber\u00e3o os dep\u00f3sitos autom\u00e1ticos. Por isso, o minist\u00e9rio alerta que cotistas com menos de 60 anos, interessados em ter acesso imediato ao dinheiro, devem procurar as ag\u00eancias da Caixa e do Banco do Brasil at\u00e9 a pr\u00f3xima sexta-feira (28).<\/p>\n<p><em><strong>Ag\u00eancia Brasil<\/strong><\/em><\/p>\n","protected":false},"excerpt":{"rendered":"<p>Esta \u00e9 a \u00faltima semana para que todos os cotistas dos fundos dos programas de Integra\u00e7\u00e3o Social (PIS) e de Forma\u00e7\u00e3o do Patrim\u00f4nio do Servidor&hellip; <\/p>\n","protected":false},"author":1,"featured_media":30821,"comment_status":"closed","ping_status":"closed","sticky":false,"template":"","format":"standard","meta":{"sfsi_plus_gutenberg_text_before_share":"","sfsi_plus_gutenberg_show_text_before_share":"","sfsi_plus_gutenberg_icon_type":"","sfsi_plus_gutenberg_icon_alignemt":"","sfsi_plus_gutenburg_max_per_row":"","footnotes":""},"categories":[2],"tags":[],"class_list":["post-65909","post","type-post","status-publish","format-standard","has-post-thumbnail","hentry","category-geral"],"_links":{"self":[{"href":"https:\/\/www.caririemacao.com\/1\/wp-json\/wp\/v2\/posts\/65909","targetHints":{"allow":["GET"]}}],"collection":[{"href":"https:\/\/www.caririemacao.com\/1\/wp-json\/wp\/v2\/posts"}],"about":[{"href":"https:\/\/www.caririemacao.com\/1\/wp-json\/wp\/v2\/types\/post"}],"author":[{"embeddable":true,"href":"https:\/\/www.caririemacao.com\/1\/wp-json\/wp\/v2\/users\/1"}],"replies":[{"embeddable":true,"href":"https:\/\/www.caririemacao.com\/1\/wp-json\/wp\/v2\/comments?post=65909"}],"version-history":[{"count":1,"href":"https:\/\/www.caririemacao.com\/1\/wp-json\/wp\/v2\/posts\/65909\/revisions"}],"predecessor-version":[{"id":65910,"href":"https:\/\/www.caririemacao.com\/1\/wp-json\/wp\/v2\/posts\/65909\/revisions\/65910"}],"wp:featuredmedia":[{"embeddable":true,"href":"https:\/\/www.caririemacao.com\/1\/wp-json\/wp\/v2\/media\/30821"}],"wp:attachment":[{"href":"https:\/\/www.caririemacao.com\/1\/wp-json\/wp\/v2\/media?parent=65909"}],"wp:term":[{"taxonomy":"category","embeddable":true,"href":"https:\/\/www.caririemacao.com\/1\/wp-json\/wp\/v2\/categories?post=65909"},{"taxonomy":"post_tag","embeddable":true,"href":"https:\/\/www.caririemacao.com\/1\/wp-json\/wp\/v2\/tags?post=65909"}],"curies":[{"name":"wp","href":"https:\/\/api.w.org\/{rel}","templated":true}]}}