{"id":65911,"date":"2018-09-24T09:05:43","date_gmt":"2018-09-24T12:05:43","guid":{"rendered":"http:\/\/www.caririemacao.com\/1\/?p=65911"},"modified":"2018-09-24T09:05:43","modified_gmt":"2018-09-24T12:05:43","slug":"bolsonaro-prepara-manifesto-a-nacao-para-combater-fama-de-radical","status":"publish","type":"post","link":"https:\/\/www.caririemacao.com\/1\/2018\/09\/24\/bolsonaro-prepara-manifesto-a-nacao-para-combater-fama-de-radical\/","title":{"rendered":"Bolsonaro prepara \u2018manifesto \u00e0 Na\u00e7\u00e3o\u2019 para combater fama de radical"},"content":{"rendered":"<p>O candidato \u00e0 Presid\u00eancia da Rep\u00fablica pelo\u00a0PSL,\u00a0Jair Bolsonaro, est\u00e1 dando os retoques finais no que vem sendo chamado de \u201cManifesto \u00e0 Na\u00e7\u00e3o\u201d, no qual pretende fazer um compromisso em defesa da democracia, responder \u00e0s cr\u00edticas de racismo e misoginia, e reiterar ao mercado de que trabalhar\u00e1 pelo ajuste fiscal. O formato ainda est\u00e1 sendo definido \u2013 se ser\u00e1 um texto ou um v\u00eddeo \u2013 e a ideia \u00e9 divulgar a mensagem nas redes sociais.<\/p>\n<p>A inten\u00e7\u00e3o \u00e9 que o conte\u00fado tenha forte tom emocional e possa ser gravado ainda no quarto do hospital, onde o candidato se recupera da facada que recebeu no dia 6 deste m\u00eas, em Juiz de Fora (MG), durante agenda de campanha. A equipe de apoiadores gostaria de divulgar o manifesto \u201co quanto antes\u201d, mas Bolsonaro, que \u00e9 quem d\u00e1 a palavra final sobre tudo em sua campanha, ainda quer discuti-lo um pouco mais.<\/p>\n<div id=\"aol_outstream_article\" data-bcid=\"56603651bbe5bf10d057f868\" data-id=\"115\" data-m=\"{&quot;i&quot;:115,&quot;p&quot;:106,&quot;n&quot;:&quot;aol-article-inlineOutstreamAd&quot;,&quot;t&quot;:&quot;AolInlineOutstreamAd&quot;,&quot;o&quot;:9}\">\n<div id=\"590760c31de5a10537b6f1b3\" class=\"vdb_player \">\n<div id=\"vdb_102e9424-e79d-409c-a0a1-cd553da7e6c4\">\n<div class=\"close-btn\">O documento est\u00e1 sendo elaborado a v\u00e1rias m\u00e3os e um dos temas centrais, de acordo com um dos auxiliares que participaram da discuss\u00e3o, \u00e9 rebater acusa\u00e7\u00f5es de que o capit\u00e3o da reserva n\u00e3o tem compromisso com a democracia e que a sua chegada ao\u00a0Pal\u00e1cio do Planalto\u00a0represente um resqu\u00edcio de ditadura.<\/div>\n<\/div>\n<\/div>\n<\/div>\n<p>Neste domingo, um grupo que inclui intelectuais, juristas, artistas, esportistas, ativistas e empres\u00e1rios\u00a0subscreveu um manifesto contra o candidato do PSL, intitulado \u201cPela democracia, pelo Brasil\u201d.<\/p>\n<p>Seguidores de Bolsonaro entendem que existem v\u00e1rios pontos que precisam ser respondidos. O candidato quer mostrar que deseja a uni\u00e3o do Pa\u00eds e responder que a acusa\u00e7\u00e3o de racista n\u00e3o se sustenta porque ele vem de uma institui\u00e7\u00e3o (o Ex\u00e9rcito) que \u00e9 um extrato de toda a popula\u00e7\u00e3o brasileira.<\/p>\n<p>Embora inicialmente a ideia tenha sido inspirada na Carta aos Brasileiros, feita pelo ent\u00e3o candidato petista\u00a0Luiz In\u00e1cio Lula da Silva, em 2002, com o objetivo de acalmar o mercado, a campanha recha\u00e7a a compara\u00e7\u00e3o. Diz que Bolsonaro quer somente responder aos ataques que vem recebendo.<\/p>\n<p>O momento da divulga\u00e7\u00e3o, por\u00e9m, ainda n\u00e3o foi definido porque o candidato teme eventuais efeitos negativos do manifesto a menos de 15 dias do primeiro turno. Apesar de n\u00e3o citar o ex-presidente Fernando Henrique Cardoso (PSDB), aliados de Bolsonaro usam como exemplo as cr\u00edticas que o tucano recebeu ao divulgar no fim da semana passada uma carta em que defendeu a necessidade de deter a \u201cmarcha da insensatez\u201d.<\/p>\n<p>Pelo que ficou acertado at\u00e9 o momento, o candidato do PSL dir\u00e1 que est\u00e1 em franca recupera\u00e7\u00e3o no hospital e vai agradecer ao povo brasileiro pelas ora\u00e7\u00f5es. Ele tamb\u00e9m dever\u00e1 tratar de economia, destacando a import\u00e2ncia do ajuste fiscal e recha\u00e7ando a tese de que \u00e9 estatizante. Pretende ainda refor\u00e7ar que n\u00e3o tem diverg\u00eancia com seu guru econ\u00f4mico,Paulo Guedes, mesmo ap\u00f3s\u00a0as pol\u00eamicas da semana passada envolvendo a proposta de cria\u00e7\u00e3o de tributos aos moldes da CPMF.<\/p>\n<p><em><strong>Estad\u00e3o\/Foto: Internet\u00a0<\/strong><\/em><\/p>\n","protected":false},"excerpt":{"rendered":"<p>O candidato \u00e0 Presid\u00eancia da Rep\u00fablica pelo\u00a0PSL,\u00a0Jair Bolsonaro, est\u00e1 dando os retoques finais no que vem sendo chamado de \u201cManifesto \u00e0 Na\u00e7\u00e3o\u201d, no qual pretende&hellip; <\/p>\n","protected":false},"author":1,"featured_media":57196,"comment_status":"closed","ping_status":"closed","sticky":false,"template":"","format":"standard","meta":{"sfsi_plus_gutenberg_text_before_share":"","sfsi_plus_gutenberg_show_text_before_share":"","sfsi_plus_gutenberg_icon_type":"","sfsi_plus_gutenberg_icon_alignemt":"","sfsi_plus_gutenburg_max_per_row":"","footnotes":""},"categories":[11],"tags":[],"class_list":["post-65911","post","type-post","status-publish","format-standard","has-post-thumbnail","hentry","category-politica"],"_links":{"self":[{"href":"https:\/\/www.caririemacao.com\/1\/wp-json\/wp\/v2\/posts\/65911","targetHints":{"allow":["GET"]}}],"collection":[{"href":"https:\/\/www.caririemacao.com\/1\/wp-json\/wp\/v2\/posts"}],"about":[{"href":"https:\/\/www.caririemacao.com\/1\/wp-json\/wp\/v2\/types\/post"}],"author":[{"embeddable":true,"href":"https:\/\/www.caririemacao.com\/1\/wp-json\/wp\/v2\/users\/1"}],"replies":[{"embeddable":true,"href":"https:\/\/www.caririemacao.com\/1\/wp-json\/wp\/v2\/comments?post=65911"}],"version-history":[{"count":1,"href":"https:\/\/www.caririemacao.com\/1\/wp-json\/wp\/v2\/posts\/65911\/revisions"}],"predecessor-version":[{"id":65913,"href":"https:\/\/www.caririemacao.com\/1\/wp-json\/wp\/v2\/posts\/65911\/revisions\/65913"}],"wp:featuredmedia":[{"embeddable":true,"href":"https:\/\/www.caririemacao.com\/1\/wp-json\/wp\/v2\/media\/57196"}],"wp:attachment":[{"href":"https:\/\/www.caririemacao.com\/1\/wp-json\/wp\/v2\/media?parent=65911"}],"wp:term":[{"taxonomy":"category","embeddable":true,"href":"https:\/\/www.caririemacao.com\/1\/wp-json\/wp\/v2\/categories?post=65911"},{"taxonomy":"post_tag","embeddable":true,"href":"https:\/\/www.caririemacao.com\/1\/wp-json\/wp\/v2\/tags?post=65911"}],"curies":[{"name":"wp","href":"https:\/\/api.w.org\/{rel}","templated":true}]}}