{"id":65918,"date":"2018-09-24T09:15:56","date_gmt":"2018-09-24T12:15:56","guid":{"rendered":"http:\/\/www.caririemacao.com\/1\/?p=65918"},"modified":"2018-09-24T09:15:56","modified_gmt":"2018-09-24T12:15:56","slug":"cassio-assume-presidencia-do-senado-e-interrompe-agenda-paraiba","status":"publish","type":"post","link":"https:\/\/www.caririemacao.com\/1\/2018\/09\/24\/cassio-assume-presidencia-do-senado-e-interrompe-agenda-paraiba\/","title":{"rendered":"C\u00e1ssio assume presidencia do Senado e interrompe agenda Para\u00edba"},"content":{"rendered":"<p>O primeiro vice-presidente do Senado, senador C\u00e1ssio Cunha Lima, precisou suspender a agenda de campanha \u00e0 reelei\u00e7\u00e3o e embarcou logo cedo para Bras\u00edlia, nesta segunda-feira (24). \u00c9 que, atendendo a uma exig\u00eancia legal, C\u00e1ssio precisa assumir, mais uma vez, a presid\u00eancia do Senado, j\u00e1 que o presidente Eun\u00edcio Oliveira est\u00e1 em viagem fora do Brasil.<\/p>\n<p>Na quarta-feira (26) tudo volta ao normal e C\u00e1ssio retorna \u00e0 Para\u00edba.<\/p>\n<p>\u201cNa reta final da campanha, nenhuma interrup\u00e7\u00e3o \u00e9 desej\u00e1vel. Mas as obriga\u00e7\u00f5es do senador precisam se sobrepor \u00e0s do candidato. De qualquer maneira, ser\u00e3o apenas dois dias e na quarta, se Deus quiser, j\u00e1 estarei de volta, intensificando os contatos rumo \u00e0 vit\u00f3ria\u201d \u2013 disse o senador.<\/p>\n<p><em><strong>Para\u00edba.com\/Internet\u00a0<\/strong><\/em><\/p>\n","protected":false},"excerpt":{"rendered":"<p>O primeiro vice-presidente do Senado, senador C\u00e1ssio Cunha Lima, precisou suspender a agenda de campanha \u00e0 reelei\u00e7\u00e3o e embarcou logo cedo para Bras\u00edlia, nesta segunda-feira&hellip; <\/p>\n","protected":false},"author":1,"featured_media":11695,"comment_status":"closed","ping_status":"closed","sticky":false,"template":"","format":"standard","meta":{"sfsi_plus_gutenberg_text_before_share":"","sfsi_plus_gutenberg_show_text_before_share":"","sfsi_plus_gutenberg_icon_type":"","sfsi_plus_gutenberg_icon_alignemt":"","sfsi_plus_gutenburg_max_per_row":"","footnotes":""},"categories":[11],"tags":[],"class_list":["post-65918","post","type-post","status-publish","format-standard","has-post-thumbnail","hentry","category-politica"],"_links":{"self":[{"href":"https:\/\/www.caririemacao.com\/1\/wp-json\/wp\/v2\/posts\/65918","targetHints":{"allow":["GET"]}}],"collection":[{"href":"https:\/\/www.caririemacao.com\/1\/wp-json\/wp\/v2\/posts"}],"about":[{"href":"https:\/\/www.caririemacao.com\/1\/wp-json\/wp\/v2\/types\/post"}],"author":[{"embeddable":true,"href":"https:\/\/www.caririemacao.com\/1\/wp-json\/wp\/v2\/users\/1"}],"replies":[{"embeddable":true,"href":"https:\/\/www.caririemacao.com\/1\/wp-json\/wp\/v2\/comments?post=65918"}],"version-history":[{"count":1,"href":"https:\/\/www.caririemacao.com\/1\/wp-json\/wp\/v2\/posts\/65918\/revisions"}],"predecessor-version":[{"id":65919,"href":"https:\/\/www.caririemacao.com\/1\/wp-json\/wp\/v2\/posts\/65918\/revisions\/65919"}],"wp:featuredmedia":[{"embeddable":true,"href":"https:\/\/www.caririemacao.com\/1\/wp-json\/wp\/v2\/media\/11695"}],"wp:attachment":[{"href":"https:\/\/www.caririemacao.com\/1\/wp-json\/wp\/v2\/media?parent=65918"}],"wp:term":[{"taxonomy":"category","embeddable":true,"href":"https:\/\/www.caririemacao.com\/1\/wp-json\/wp\/v2\/categories?post=65918"},{"taxonomy":"post_tag","embeddable":true,"href":"https:\/\/www.caririemacao.com\/1\/wp-json\/wp\/v2\/tags?post=65918"}],"curies":[{"name":"wp","href":"https:\/\/api.w.org\/{rel}","templated":true}]}}