{"id":65920,"date":"2018-09-24T09:22:03","date_gmt":"2018-09-24T12:22:03","guid":{"rendered":"http:\/\/www.caririemacao.com\/1\/?p=65920"},"modified":"2018-09-24T09:22:03","modified_gmt":"2018-09-24T12:22:03","slug":"maranhao-acusa-opositores-de-fazerem-panelinha-o-povo-vai-quebrar-no-dia-da-eleicao","status":"publish","type":"post","link":"https:\/\/www.caririemacao.com\/1\/2018\/09\/24\/maranhao-acusa-opositores-de-fazerem-panelinha-o-povo-vai-quebrar-no-dia-da-eleicao\/","title":{"rendered":"Maranh\u00e3o acusa opositores de fazerem \u201cpanelinha\u201d: \u201cO povo vai quebrar no dia da elei\u00e7\u00e3o\u201d"},"content":{"rendered":"<p>O candidato Z\u00e9 Maranh\u00e3o acusou os seus opositores de fazerem \u2018panelinha\u2019, durante carreata em Teixeira. Segundo Z\u00e9, os paraibanos n\u00e3o querem um governador que cumpre ondem de outras pessoas.<\/p>\n<p>\u201cSou candidato para servir a Para\u00edba e aos paraibanos e n\u00e3o para cumprir ordens de ningu\u00e9m. Eles fizeram uma panelinha, mas o povo vai quebrar essa panelinha no dia da elei\u00e7\u00e3o. O povo quer algu\u00e9m que j\u00e1 mostrou seu trabalho e seu respeito\u201d, afirmou.<\/p>\n<p>Z\u00e9 ainda prometeu na cidade construir a nova adutora do Paje\u00fa. A cidade de Matureia, Imaculada, \u00c1gua Branca, Juru, Tavares, Princesa Isabel tamb\u00e9m fizeram parte do trajeto. \u00a0A caravana deste s\u00e1bado terminou com um com\u00edcio em Mana\u00edra.<\/p>\n<p><em><strong>Wscom<\/strong><\/em><\/p>\n","protected":false},"excerpt":{"rendered":"<p>O candidato Z\u00e9 Maranh\u00e3o acusou os seus opositores de fazerem \u2018panelinha\u2019, durante carreata em Teixeira. Segundo Z\u00e9, os paraibanos n\u00e3o querem um governador que cumpre&hellip; <\/p>\n","protected":false},"author":1,"featured_media":32897,"comment_status":"closed","ping_status":"closed","sticky":false,"template":"","format":"standard","meta":{"sfsi_plus_gutenberg_text_before_share":"","sfsi_plus_gutenberg_show_text_before_share":"","sfsi_plus_gutenberg_icon_type":"","sfsi_plus_gutenberg_icon_alignemt":"","sfsi_plus_gutenburg_max_per_row":"","footnotes":""},"categories":[11],"tags":[],"class_list":["post-65920","post","type-post","status-publish","format-standard","has-post-thumbnail","hentry","category-politica"],"_links":{"self":[{"href":"https:\/\/www.caririemacao.com\/1\/wp-json\/wp\/v2\/posts\/65920","targetHints":{"allow":["GET"]}}],"collection":[{"href":"https:\/\/www.caririemacao.com\/1\/wp-json\/wp\/v2\/posts"}],"about":[{"href":"https:\/\/www.caririemacao.com\/1\/wp-json\/wp\/v2\/types\/post"}],"author":[{"embeddable":true,"href":"https:\/\/www.caririemacao.com\/1\/wp-json\/wp\/v2\/users\/1"}],"replies":[{"embeddable":true,"href":"https:\/\/www.caririemacao.com\/1\/wp-json\/wp\/v2\/comments?post=65920"}],"version-history":[{"count":1,"href":"https:\/\/www.caririemacao.com\/1\/wp-json\/wp\/v2\/posts\/65920\/revisions"}],"predecessor-version":[{"id":65921,"href":"https:\/\/www.caririemacao.com\/1\/wp-json\/wp\/v2\/posts\/65920\/revisions\/65921"}],"wp:featuredmedia":[{"embeddable":true,"href":"https:\/\/www.caririemacao.com\/1\/wp-json\/wp\/v2\/media\/32897"}],"wp:attachment":[{"href":"https:\/\/www.caririemacao.com\/1\/wp-json\/wp\/v2\/media?parent=65920"}],"wp:term":[{"taxonomy":"category","embeddable":true,"href":"https:\/\/www.caririemacao.com\/1\/wp-json\/wp\/v2\/categories?post=65920"},{"taxonomy":"post_tag","embeddable":true,"href":"https:\/\/www.caririemacao.com\/1\/wp-json\/wp\/v2\/tags?post=65920"}],"curies":[{"name":"wp","href":"https:\/\/api.w.org\/{rel}","templated":true}]}}