{"id":65925,"date":"2018-09-24T09:26:58","date_gmt":"2018-09-24T12:26:58","guid":{"rendered":"http:\/\/www.caririemacao.com\/1\/?p=65925"},"modified":"2018-09-24T09:26:58","modified_gmt":"2018-09-24T12:26:58","slug":"tse-disponibilizara-aplicativo-que-mostra-apuracao-em-tempo-real-2","status":"publish","type":"post","link":"https:\/\/www.caririemacao.com\/1\/2018\/09\/24\/tse-disponibilizara-aplicativo-que-mostra-apuracao-em-tempo-real-2\/","title":{"rendered":"TSE disponibilizar\u00e1 aplicativo que mostra apura\u00e7\u00e3o em tempo real"},"content":{"rendered":"<div>O aplicativo da Justi\u00e7a Eleitoral, campe\u00e3o de downloads nas elei\u00e7\u00f5es de 2014, j\u00e1 tem sua vers\u00e3o para 2018 e a expectativa \u00e9 que novamente seja um recorde de acessos. Este ano, o aplicativo foi rebatizado para \u201cResultados 2018\u201d. A ferramenta \u00e9 gratuita e a expectativa \u00e9 que esteja dispon\u00edvel at\u00e9 o final de setembro para tablets e smartphones que operam com os sistemas Android e IOS.<\/div>\n<div><\/div>\n<div>H\u00e1 quatro anos, segundo o Tribunal Superior Eleitoral (TSE), a plataforma foi disponibilizada apenas para aparelhos com sistema Android e foi chamada de \u201cApura\u00e7\u00e3o 2014\u201d. O aplicativo foi baixado em 2,7 milh\u00f5es de dispositivos.<\/div>\n<div><\/div>\n<div>Pesquisa<\/div>\n<div>Pelo aplicativo, os eleitores poder\u00e3o acompanhar a contagem dos votos em tempo real. \u00c9 poss\u00edvel pesquisar desde o desempenho de um determinado candidato por meio de consulta nominal at\u00e9 um dado mais nacional.<\/div>\n<div><\/div>\n<div>Na tela da pesquisa, aparecer\u00e1, por exemplo, o quantitativo de votos para cada candidato com a indica\u00e7\u00e3o dos eleitos ou, no caso da disputa para governador e presidente da Rep\u00fablica, dos que ir\u00e3o para o segundo turno. Tamb\u00e9m \u00e9 poss\u00edvel selecionar os candidatos favoritos e visualiz\u00e1-los com destaque.<\/div>\n<div><\/div>\n<div>A ferramenta permite que o usu\u00e1rio selecione a abrang\u00eancia que deseja acompanhar a apura\u00e7\u00e3o. Pode ser \u201cBrasil\u201d para a vota\u00e7\u00e3o de presidente da Rep\u00fablica e \u201cEstados\u201d para acompanhar a vota\u00e7\u00e3o para governador, senador, deputado federal, deputado estadual ou deputado distrital.<\/div>\n<div><\/div>\n<div>O eleitor tamb\u00e9m poder\u00e1 conferir o desempenho nas urnas do candidato a presidente em cada estado. Al\u00e9m de visualizar o n\u00famero de votos, \u00e9 poss\u00edvel acompanhar o percentual de apura\u00e7\u00e3o das se\u00e7\u00f5es e ainda compartilhar essas informa\u00e7\u00f5es nas redes sociais.<\/div>\n<div><\/div>\n<div>Votos zerados<\/div>\n<div>Os resultados s\u00e3o atualizados automaticamente e, ao final da apura\u00e7\u00e3o, ser\u00e3o exibidos os eleitos com o quantitativo de votos obtidos e o percentual de vota\u00e7\u00e3o por candidato. O candidato que aparecer com zero voto pode n\u00e3o ter tido vota\u00e7\u00e3o, estar indeferido com recurso ou, ap\u00f3s a prepara\u00e7\u00e3o das urnas, ter sido indeferido, ter renunciado ou falecido.<\/div>\n<div><\/div>\n<div>Os votos para candidatos indeferidos com recurso ou cassados com recurso n\u00e3o ser\u00e3o exibidos, conforme a Lei das Elei\u00e7\u00f5es (Lei n\u00ba 9.504\/97, artigo 16-A). O aplicativo n\u00e3o apresenta resultados da vota\u00e7\u00e3o em tr\u00e2nsito nem da vota\u00e7\u00e3o no exterior para o cargo de presidente da Rep\u00fablica.<\/div>\n<div><\/div>\n<div>Em decorr\u00eancia da diferen\u00e7a de fuso hor\u00e1rio, o TSE ir\u00e1 come\u00e7ar a divulgar os resultados da totaliza\u00e7\u00e3o dos votos para presidente da Rep\u00fablica \u00e0s 19h (hor\u00e1rio de Bras\u00edlia) no dia 7 de outubro, quando a vota\u00e7\u00e3o do primeiro turno estiver encerrada em todo o territ\u00f3rio nacional.<\/div>\n<div><\/div>\n<div>Para os demais cargos, a totaliza\u00e7\u00e3o dos votos pelos Tribunais Regionais Eleitorais (TREs) e a remessa das informa\u00e7\u00f5es ao TSE ter\u00e1 in\u00edcio logo ap\u00f3s o encerramento da vota\u00e7\u00e3o, \u00e0s 17h, respeitando o hor\u00e1rio local.<\/div>\n<div><\/div>\n<div><em><strong>TSE<\/strong><\/em><\/div>\n","protected":false},"excerpt":{"rendered":"<p>O aplicativo da Justi\u00e7a Eleitoral, campe\u00e3o de downloads nas elei\u00e7\u00f5es de 2014, j\u00e1 tem sua vers\u00e3o para 2018 e a expectativa \u00e9 que novamente seja&hellip; <\/p>\n","protected":false},"author":1,"featured_media":65926,"comment_status":"closed","ping_status":"closed","sticky":false,"template":"","format":"standard","meta":{"sfsi_plus_gutenberg_text_before_share":"","sfsi_plus_gutenberg_show_text_before_share":"","sfsi_plus_gutenberg_icon_type":"","sfsi_plus_gutenberg_icon_alignemt":"","sfsi_plus_gutenburg_max_per_row":"","footnotes":""},"categories":[11],"tags":[],"class_list":["post-65925","post","type-post","status-publish","format-standard","has-post-thumbnail","hentry","category-politica"],"_links":{"self":[{"href":"https:\/\/www.caririemacao.com\/1\/wp-json\/wp\/v2\/posts\/65925","targetHints":{"allow":["GET"]}}],"collection":[{"href":"https:\/\/www.caririemacao.com\/1\/wp-json\/wp\/v2\/posts"}],"about":[{"href":"https:\/\/www.caririemacao.com\/1\/wp-json\/wp\/v2\/types\/post"}],"author":[{"embeddable":true,"href":"https:\/\/www.caririemacao.com\/1\/wp-json\/wp\/v2\/users\/1"}],"replies":[{"embeddable":true,"href":"https:\/\/www.caririemacao.com\/1\/wp-json\/wp\/v2\/comments?post=65925"}],"version-history":[{"count":1,"href":"https:\/\/www.caririemacao.com\/1\/wp-json\/wp\/v2\/posts\/65925\/revisions"}],"predecessor-version":[{"id":65927,"href":"https:\/\/www.caririemacao.com\/1\/wp-json\/wp\/v2\/posts\/65925\/revisions\/65927"}],"wp:featuredmedia":[{"embeddable":true,"href":"https:\/\/www.caririemacao.com\/1\/wp-json\/wp\/v2\/media\/65926"}],"wp:attachment":[{"href":"https:\/\/www.caririemacao.com\/1\/wp-json\/wp\/v2\/media?parent=65925"}],"wp:term":[{"taxonomy":"category","embeddable":true,"href":"https:\/\/www.caririemacao.com\/1\/wp-json\/wp\/v2\/categories?post=65925"},{"taxonomy":"post_tag","embeddable":true,"href":"https:\/\/www.caririemacao.com\/1\/wp-json\/wp\/v2\/tags?post=65925"}],"curies":[{"name":"wp","href":"https:\/\/api.w.org\/{rel}","templated":true}]}}