{"id":65928,"date":"2018-09-24T09:33:00","date_gmt":"2018-09-24T12:33:00","guid":{"rendered":"http:\/\/www.caririemacao.com\/1\/?p=65928"},"modified":"2018-09-24T09:33:00","modified_gmt":"2018-09-24T12:33:00","slug":"dupla-armada-rouba-duas-motos-na-regiao-do-cariri-paraibano-2","status":"publish","type":"post","link":"https:\/\/www.caririemacao.com\/1\/2018\/09\/24\/dupla-armada-rouba-duas-motos-na-regiao-do-cariri-paraibano-2\/","title":{"rendered":"Dupla armada rouba duas motos na regi\u00e3o do Cariri paraibano"},"content":{"rendered":"<p>Dois homens armados em uma moto laranja realizou dois assaltos neste fim de semana na regi\u00e3o do Cariri paraibano.<\/p>\n<p>O primeiro assalto ocorreu na cidade de Sum\u00e9, onde os meliantes roubaram uma moto de um jovem na \u00faltima sexta-feira, 21.<\/p>\n<p>O segundo assaltou aconteceu na cidade de Prata. Desta vez um jovem conhecido como Luizinho Nunes, come\u00e7ou a ser seguido no centro da cidade da Prata, e quando ele correu para casa, foi rendido. Os assaltantes armados tomaram a moto Broz-Honda\/NXR, placa PGU-7736-S\u00e3o Jos\u00e9 do Egito-PE, al\u00e9m de celulares e dinheiro.<\/p>\n<p>A Pol\u00edcia Civil est\u00e1 investigando os casos.<\/p>\n<p><em><strong>O pipoco\/Foto: Internet\u00a0<\/strong><\/em><\/p>\n","protected":false},"excerpt":{"rendered":"<p>Dois homens armados em uma moto laranja realizou dois assaltos neste fim de semana na regi\u00e3o do Cariri paraibano. O primeiro assalto ocorreu na cidade&hellip; <\/p>\n","protected":false},"author":1,"featured_media":53834,"comment_status":"closed","ping_status":"closed","sticky":false,"template":"","format":"standard","meta":{"sfsi_plus_gutenberg_text_before_share":"","sfsi_plus_gutenberg_show_text_before_share":"","sfsi_plus_gutenberg_icon_type":"","sfsi_plus_gutenberg_icon_alignemt":"","sfsi_plus_gutenburg_max_per_row":"","footnotes":""},"categories":[12],"tags":[],"class_list":["post-65928","post","type-post","status-publish","format-standard","has-post-thumbnail","hentry","category-policia"],"_links":{"self":[{"href":"https:\/\/www.caririemacao.com\/1\/wp-json\/wp\/v2\/posts\/65928","targetHints":{"allow":["GET"]}}],"collection":[{"href":"https:\/\/www.caririemacao.com\/1\/wp-json\/wp\/v2\/posts"}],"about":[{"href":"https:\/\/www.caririemacao.com\/1\/wp-json\/wp\/v2\/types\/post"}],"author":[{"embeddable":true,"href":"https:\/\/www.caririemacao.com\/1\/wp-json\/wp\/v2\/users\/1"}],"replies":[{"embeddable":true,"href":"https:\/\/www.caririemacao.com\/1\/wp-json\/wp\/v2\/comments?post=65928"}],"version-history":[{"count":1,"href":"https:\/\/www.caririemacao.com\/1\/wp-json\/wp\/v2\/posts\/65928\/revisions"}],"predecessor-version":[{"id":65929,"href":"https:\/\/www.caririemacao.com\/1\/wp-json\/wp\/v2\/posts\/65928\/revisions\/65929"}],"wp:featuredmedia":[{"embeddable":true,"href":"https:\/\/www.caririemacao.com\/1\/wp-json\/wp\/v2\/media\/53834"}],"wp:attachment":[{"href":"https:\/\/www.caririemacao.com\/1\/wp-json\/wp\/v2\/media?parent=65928"}],"wp:term":[{"taxonomy":"category","embeddable":true,"href":"https:\/\/www.caririemacao.com\/1\/wp-json\/wp\/v2\/categories?post=65928"},{"taxonomy":"post_tag","embeddable":true,"href":"https:\/\/www.caririemacao.com\/1\/wp-json\/wp\/v2\/tags?post=65928"}],"curies":[{"name":"wp","href":"https:\/\/api.w.org\/{rel}","templated":true}]}}