{"id":65930,"date":"2018-09-24T09:38:34","date_gmt":"2018-09-24T12:38:34","guid":{"rendered":"http:\/\/www.caririemacao.com\/1\/?p=65930"},"modified":"2018-09-24T09:38:34","modified_gmt":"2018-09-24T12:38:34","slug":"a-importancia-do-teste-do-pezinho","status":"publish","type":"post","link":"https:\/\/www.caririemacao.com\/1\/2018\/09\/24\/a-importancia-do-teste-do-pezinho\/","title":{"rendered":"A import\u00e2ncia do teste do pezinho"},"content":{"rendered":"<div class=\"mc-column content-text active-extra-styles active-capital-letter\" data-block-type=\"unstyled\" data-block-weight=\"36\" data-block-id=\"2\">\n<p class=\"content-text__container theme-color-primary-first-letter\" data-track-category=\"Link no Texto\" data-track-links=\"\">O teste do pezinho \u00e9 um exame obrigat\u00f3rio que detecta doen\u00e7as gen\u00e9ticas. No SUS, a triagem b\u00e1sica investiga seis doen\u00e7as que se n\u00e3o forem tratadas podem levar a problemas de desenvolvimento e defici\u00eancia intelectual. S\u00e3o elas:<\/p>\n<\/div>\n<div class=\"wall\">\n<div class=\"mc-column content-text active-extra-styles\" data-block-type=\"raw\" data-block-weight=\"16\" data-block-id=\"3\">\n<ul class=\"content-unordered-list\">\n<li>Fenilceton\u00faria<\/li>\n<li>Hipotireoidismo cong\u00eanito<\/li>\n<li>Anemia falciforme e outras hemoglobinopatias<\/li>\n<li>Fibrose c\u00edstica<\/li>\n<li>Hiperplasia adrenal cong\u00eanita<\/li>\n<li>Defici\u00eancia de biotinidase<\/li>\n<\/ul>\n<\/div>\n<div class=\"mc-column content-media content-video\" data-block-type=\"backstage-video\" data-block-id=\"4\">\n<div class=\"content-media__container content-media__container--loaded\">\n<div class=\"content-video__video\">\n<div id=\"wp3-player-0\" class=\"clappr-player\" tabindex=\"9999\" data-player=\"\">\n<div class=\"dfp-ad-overlay dfp-ad-overlay--poster-mode\">\n<div>Teste do pezinho pode ajudar no diagn\u00f3stico precoce de v\u00e1rias doen\u00e7as<\/div>\n<\/div>\n<\/div>\n<\/div>\n<\/div>\n<\/div>\n<div class=\"mc-column content-text active-extra-styles \" data-block-type=\"unstyled\" data-block-weight=\"43\" data-block-id=\"5\">\n<p class=\"content-text__container \" data-track-category=\"Link no Texto\" data-track-links=\"\">O teste avalia subst\u00e2ncias que podem estar em excesso ou faltando no organismo e que podem ser sinais de algumas doen\u00e7as que geram problemas de desenvolvimento e defici\u00eancia intelectual. Ele n\u00e3o \u00e9 um teste gen\u00e9tico, mas pode detectar doen\u00e7as que t\u00eam origem gen\u00e9tica.<\/p>\n<\/div>\n<div class=\"mc-column content-text active-extra-styles \" data-block-type=\"unstyled\" data-block-weight=\"19\" data-block-id=\"7\">\n<p class=\"content-text__container \" data-track-category=\"Link no Texto\" data-track-links=\"\">Hoje \u00e9 poss\u00edvel testar at\u00e9 48 doen\u00e7as, mas os custos s\u00e3o altos. Por isso o SUS n\u00e3o cobre todos.<\/p>\n<\/div>\n<div class=\"mc-column content-text active-extra-styles \" data-block-type=\"unstyled\" data-block-weight=\"45\" data-block-id=\"8\">\n<p class=\"content-text__container \" data-track-category=\"Link no Texto\" data-track-links=\"\"><strong>Quando ele deve ser feito?\u00a0<\/strong>Logo ap\u00f3s as primeiras 48 horas de vida do nascimento e at\u00e9 o 5\u00ba dia de vida. Ele \u00e9 feito por meio de gotinhas de sangue colhidas no calcanhar do beb\u00ea. N\u00e3o \u00e9 a marca de pezinho feita como registro.<\/p>\n<\/div>\n<div class=\"mc-column content-media content-video\" data-block-type=\"backstage-video\" data-block-id=\"9\">\n<div class=\"content-media__container content-media__container--loaded\">\n<div class=\"content-video__video\">\n<div id=\"wp3-player-1\" class=\"clappr-player\" tabindex=\"9999\" data-player=\"\">\n<div class=\"container master-container pointer-enabled\" data-container=\"\" data-pip=\"\"><\/div>\n<div class=\"media-control media-control-hide\">\n<div class=\"media-control-panel\">\n<div class=\"media-control-panel__upper\">\n<div class=\"opposites-container\">\n<div class=\"media-control-position__left\">\n<div class=\"video-info media-control-element video-info--inline  video-info--hidden\" data-video-info=\"\"><\/div>\n<\/div>\n<\/div>\n<\/div>\n<div class=\"media-control-panel__lower\" data-controls=\"\">\n<div class=\"opposites-container\">\n<div class=\"media-control-position__right\">\n<div class=\"drawer-container volume-hide media-control-element\" data-volume=\"\"><\/div>\n<\/div>\n<\/div>\n<\/div>\n<\/div>\n<\/div>\n<\/div>\n<\/div>\n<div class=\"content-video__placeholder\" data-video-id=\"7031460\"><strong>Doen\u00e7as gen\u00e9ticas e testes gen\u00e9ticos<\/strong><\/div>\n<\/div>\n<\/div>\n<div class=\"mc-column content-text active-extra-styles \" data-block-type=\"unstyled\" data-block-weight=\"44\" data-block-id=\"12\">\n<p class=\"content-text__container \" data-track-category=\"Link no Texto\" data-track-links=\"\">O que s\u00e3o as doen\u00e7as gen\u00e9ticas? O Bem Estar conversou nesta quinta-feira (20) com a diretora do Centro de Pesquisa do Genoma Humano da USP Mayana Zatz e com a pediatra geneticista e consultora da Apae de S\u00e3o Paulo Fl\u00e1via Piazzon sobre o assunto.<\/p>\n<\/div>\n<div class=\"mc-column content-text active-extra-styles \" data-block-type=\"unstyled\" data-block-weight=\"37\" data-block-id=\"13\">\n<p class=\"content-text__container \" data-track-category=\"Link no Texto\" data-track-links=\"\">As doen\u00e7as gen\u00e9ticas t\u00eam origem em altera\u00e7\u00e3o no nosso DNA. Podem estar ligadas a altera\u00e7\u00f5es nos cromossomos, genes espec\u00edficos, conjunto de genes ou \u00e0 intera\u00e7\u00e3o de genes e ambientes. Nem todas as doen\u00e7as s\u00e3o herdadas dos pais.<\/p>\n<\/div>\n<div class=\"mc-column content-text active-extra-styles \" data-block-type=\"unstyled\" data-block-weight=\"33\" data-block-id=\"14\">\n<p class=\"content-text__container \" data-track-category=\"Link no Texto\" data-track-links=\"\">Os testes gen\u00e9ticos avaliam essas altera\u00e7\u00f5es. Eles s\u00e3o recomendados quando h\u00e1 sinais de que uma pessoa possa ter uma doen\u00e7a gen\u00e9tica. Entretanto, alguns testes n\u00e3o fazem diferen\u00e7a e os resultados s\u00e3o mera curiosidade.<\/p>\n<p data-track-category=\"Link no Texto\" data-track-links=\"\"><em><strong>G1\/Foto: Internet<\/strong><\/em><\/p>\n<\/div>\n<\/div>\n","protected":false},"excerpt":{"rendered":"<p>O teste do pezinho \u00e9 um exame obrigat\u00f3rio que detecta doen\u00e7as gen\u00e9ticas. No SUS, a triagem b\u00e1sica investiga seis doen\u00e7as que se n\u00e3o forem tratadas&hellip; <\/p>\n","protected":false},"author":1,"featured_media":65931,"comment_status":"closed","ping_status":"closed","sticky":false,"template":"","format":"standard","meta":{"sfsi_plus_gutenberg_text_before_share":"","sfsi_plus_gutenberg_show_text_before_share":"","sfsi_plus_gutenberg_icon_type":"","sfsi_plus_gutenberg_icon_alignemt":"","sfsi_plus_gutenburg_max_per_row":"","footnotes":""},"categories":[16],"tags":[],"class_list":["post-65930","post","type-post","status-publish","format-standard","has-post-thumbnail","hentry","category-saude"],"_links":{"self":[{"href":"https:\/\/www.caririemacao.com\/1\/wp-json\/wp\/v2\/posts\/65930","targetHints":{"allow":["GET"]}}],"collection":[{"href":"https:\/\/www.caririemacao.com\/1\/wp-json\/wp\/v2\/posts"}],"about":[{"href":"https:\/\/www.caririemacao.com\/1\/wp-json\/wp\/v2\/types\/post"}],"author":[{"embeddable":true,"href":"https:\/\/www.caririemacao.com\/1\/wp-json\/wp\/v2\/users\/1"}],"replies":[{"embeddable":true,"href":"https:\/\/www.caririemacao.com\/1\/wp-json\/wp\/v2\/comments?post=65930"}],"version-history":[{"count":1,"href":"https:\/\/www.caririemacao.com\/1\/wp-json\/wp\/v2\/posts\/65930\/revisions"}],"predecessor-version":[{"id":65932,"href":"https:\/\/www.caririemacao.com\/1\/wp-json\/wp\/v2\/posts\/65930\/revisions\/65932"}],"wp:featuredmedia":[{"embeddable":true,"href":"https:\/\/www.caririemacao.com\/1\/wp-json\/wp\/v2\/media\/65931"}],"wp:attachment":[{"href":"https:\/\/www.caririemacao.com\/1\/wp-json\/wp\/v2\/media?parent=65930"}],"wp:term":[{"taxonomy":"category","embeddable":true,"href":"https:\/\/www.caririemacao.com\/1\/wp-json\/wp\/v2\/categories?post=65930"},{"taxonomy":"post_tag","embeddable":true,"href":"https:\/\/www.caririemacao.com\/1\/wp-json\/wp\/v2\/tags?post=65930"}],"curies":[{"name":"wp","href":"https:\/\/api.w.org\/{rel}","templated":true}]}}