{"id":65945,"date":"2018-09-24T09:51:03","date_gmt":"2018-09-24T12:51:03","guid":{"rendered":"http:\/\/www.caririemacao.com\/1\/?p=65945"},"modified":"2018-09-24T09:51:03","modified_gmt":"2018-09-24T12:51:03","slug":"crianca-de-10-anos-esfaqueia-padrasto-para-defender-a-mae-em-joao-pessoa-diz-policia","status":"publish","type":"post","link":"https:\/\/www.caririemacao.com\/1\/2018\/09\/24\/crianca-de-10-anos-esfaqueia-padrasto-para-defender-a-mae-em-joao-pessoa-diz-policia\/","title":{"rendered":"Crian\u00e7a de 10 anos esfaqueia padrasto para defender a m\u00e3e em Jo\u00e3o Pessoa, diz pol\u00edcia"},"content":{"rendered":"<div class=\"mc-column content-text active-extra-styles active-capital-letter\" data-block-type=\"unstyled\" data-block-weight=\"50\" data-block-id=\"2\">\n<p class=\"content-text__container theme-color-primary-first-letter\" data-track-category=\"Link no Texto\" data-track-links=\"\">Um homem ficou ferido ap\u00f3s ser esfaqueado pelo enteado de 10 anos no bairro Jo\u00e3o Paulo II, em Jo\u00e3o Pessoa, na manh\u00e3 desta segunda-feira (24). Segundo informa\u00e7\u00f5es repassadas pelo Samu, a crian\u00e7a esfaqueou o padrasto ap\u00f3s uma discuss\u00e3o dentro de casa. O padrasto foi ferido com tr\u00eas perfura\u00e7\u00f5es nas costas.<\/p>\n<\/div>\n<div class=\"wall\">\n<div class=\"mc-column content-text active-extra-styles \" data-block-type=\"unstyled\" data-block-weight=\"47\" data-block-id=\"3\">\n<p class=\"content-text__container \" data-track-category=\"Link no Texto\" data-track-links=\"\">O homem foi socorrido e encaminhado para o Hospital de Emerg\u00eancia e Trauma de Jo\u00e3o Pessoa. A princ\u00edpio o estado de sa\u00fade da v\u00edtima \u00e9 considerado est\u00e1vel. De acordo com a Pol\u00edcia Militar, o padrasto estava sentado quando a crian\u00e7a veio por tr\u00e1s e desferiu as facadas.<\/p>\n<\/div>\n<div class=\"mc-column content-text active-extra-styles \" data-block-type=\"unstyled\" data-block-weight=\"32\" data-block-id=\"4\">\n<p class=\"content-text__container \" data-track-category=\"Link no Texto\" data-track-links=\"\">A pr\u00f3pria v\u00edtima relatou para Pol\u00edcia Militar que estava discutindo com a esposa, m\u00e3e da crian\u00e7a, no quarto, quando o menino se aproximou e atacou com uma faca. N\u00e3o houve luta corporal.<\/p>\n<\/div>\n<\/div>\n<div data-track-category=\"fim do conteudo\" data-track-action=\"ultimo chunk conteudo\" data-track-noninteraction=\"false\" data-track-scroll=\"entrada completa viewport\">\n<div class=\"mc-column content-text active-extra-styles \" data-block-type=\"unstyled\" data-block-weight=\"29\" data-block-id=\"5\">\n<p class=\"content-text__container \" data-track-category=\"Link no Texto\" data-track-links=\"\">A m\u00e3e da crian\u00e7a confirmou que o filho agrediu o padrasto para defend\u00ea-la durante a discuss\u00e3o. A crian\u00e7a n\u00e3o foi levada por familiares e deve ser ouvida pela pol\u00edcia.<\/p>\n<p data-track-category=\"Link no Texto\" data-track-links=\"\"><em><strong>G1-PB\/Foto: Reprodu\u00e7\u00e3o\u00a0<\/strong><\/em><\/p>\n<\/div>\n<\/div>\n","protected":false},"excerpt":{"rendered":"<p>Um homem ficou ferido ap\u00f3s ser esfaqueado pelo enteado de 10 anos no bairro Jo\u00e3o Paulo II, em Jo\u00e3o Pessoa, na manh\u00e3 desta segunda-feira (24).&hellip; <\/p>\n","protected":false},"author":1,"featured_media":65946,"comment_status":"closed","ping_status":"closed","sticky":false,"template":"","format":"standard","meta":{"sfsi_plus_gutenberg_text_before_share":"","sfsi_plus_gutenberg_show_text_before_share":"","sfsi_plus_gutenberg_icon_type":"","sfsi_plus_gutenberg_icon_alignemt":"","sfsi_plus_gutenburg_max_per_row":"","footnotes":""},"categories":[12],"tags":[],"class_list":["post-65945","post","type-post","status-publish","format-standard","has-post-thumbnail","hentry","category-policia"],"_links":{"self":[{"href":"https:\/\/www.caririemacao.com\/1\/wp-json\/wp\/v2\/posts\/65945","targetHints":{"allow":["GET"]}}],"collection":[{"href":"https:\/\/www.caririemacao.com\/1\/wp-json\/wp\/v2\/posts"}],"about":[{"href":"https:\/\/www.caririemacao.com\/1\/wp-json\/wp\/v2\/types\/post"}],"author":[{"embeddable":true,"href":"https:\/\/www.caririemacao.com\/1\/wp-json\/wp\/v2\/users\/1"}],"replies":[{"embeddable":true,"href":"https:\/\/www.caririemacao.com\/1\/wp-json\/wp\/v2\/comments?post=65945"}],"version-history":[{"count":1,"href":"https:\/\/www.caririemacao.com\/1\/wp-json\/wp\/v2\/posts\/65945\/revisions"}],"predecessor-version":[{"id":65947,"href":"https:\/\/www.caririemacao.com\/1\/wp-json\/wp\/v2\/posts\/65945\/revisions\/65947"}],"wp:featuredmedia":[{"embeddable":true,"href":"https:\/\/www.caririemacao.com\/1\/wp-json\/wp\/v2\/media\/65946"}],"wp:attachment":[{"href":"https:\/\/www.caririemacao.com\/1\/wp-json\/wp\/v2\/media?parent=65945"}],"wp:term":[{"taxonomy":"category","embeddable":true,"href":"https:\/\/www.caririemacao.com\/1\/wp-json\/wp\/v2\/categories?post=65945"},{"taxonomy":"post_tag","embeddable":true,"href":"https:\/\/www.caririemacao.com\/1\/wp-json\/wp\/v2\/tags?post=65945"}],"curies":[{"name":"wp","href":"https:\/\/api.w.org\/{rel}","templated":true}]}}