{"id":65948,"date":"2018-09-24T10:02:47","date_gmt":"2018-09-24T13:02:47","guid":{"rendered":"http:\/\/www.caririemacao.com\/1\/?p=65948"},"modified":"2018-09-24T10:02:47","modified_gmt":"2018-09-24T13:02:47","slug":"tardezinha-do-mel-encerra-com-chave-de-ouro-o-festival-do-mel","status":"publish","type":"post","link":"https:\/\/www.caririemacao.com\/1\/2018\/09\/24\/tardezinha-do-mel-encerra-com-chave-de-ouro-o-festival-do-mel\/","title":{"rendered":"\u2018Tardezinha do Mel\u2019 encerra com chave de ouro o Festival do Mel"},"content":{"rendered":"<p>O munic\u00edpio de S\u00e3o Jos\u00e9 dos Cordeiros encerrou na noite deste domingo (23), a 10\u00aa edi\u00e7\u00e3o do Festival do Mel.<\/p>\n<p>O evento contou como uma vasta programa\u00e7\u00e3o t\u00e9cnica e tur\u00edstica, al\u00e9m de varia novidades, que marcaram a programa\u00e7\u00e3o festiva dos dez anos.<\/p>\n<p>A principal novidade dentro da programa\u00e7\u00e3o tur\u00edstica foi a \u2018Tardezinha do Mel\u2019, que aumentou em um dia a realiza\u00e7\u00e3o do Festival do Mel.<\/p>\n<p><img fetchpriority=\"high\" decoding=\"async\" class=\"alignnone wp-image-65950 size-full\" src=\"http:\/\/www.caririemacao.com\/1\/wp-content\/uploads\/2018\/09\/IMG_7438.jpg\" alt=\"\" width=\"800\" height=\"533\" srcset=\"https:\/\/www.caririemacao.com\/1\/wp-content\/uploads\/2018\/09\/IMG_7438.jpg 800w, https:\/\/www.caririemacao.com\/1\/wp-content\/uploads\/2018\/09\/IMG_7438-300x200.jpg 300w, https:\/\/www.caririemacao.com\/1\/wp-content\/uploads\/2018\/09\/IMG_7438-768x512.jpg 768w\" sizes=\"(max-width: 800px) 100vw, 800px\" \/><\/p>\n<p>O evento teve in\u00edcio \u00e0s 17h e se estendeu at\u00e9 o in\u00edcio da madrugada desta segunda-feira.<\/p>\n<p>A primeira edi\u00e7\u00e3o da novidade contou com shows de Bob L\u00e9o Mercadoria, Su\u00e9lio do Acordeon e Mois\u00e9s do Acordeon.<\/p>\n<h1 style=\"text-align: center;\"><a href=\"https:\/\/www.facebook.com\/pg\/CaririEmAcao\/photos\/?tab=album&amp;album_id=1368964023239617\">Tardezinha do Mel &#8211; 10\u00aa edi\u00e7\u00e3o do Festival do Mel<\/a><\/h1>\n<p><em><strong>Reda\u00e7\u00e3o<\/strong><\/em><\/p>\n","protected":false},"excerpt":{"rendered":"<p>O munic\u00edpio de S\u00e3o Jos\u00e9 dos Cordeiros encerrou na noite deste domingo (23), a 10\u00aa edi\u00e7\u00e3o do Festival do Mel. O evento contou como uma&hellip; <\/p>\n","protected":false},"author":1,"featured_media":65949,"comment_status":"closed","ping_status":"closed","sticky":false,"template":"","format":"standard","meta":{"sfsi_plus_gutenberg_text_before_share":"","sfsi_plus_gutenberg_show_text_before_share":"","sfsi_plus_gutenberg_icon_type":"","sfsi_plus_gutenberg_icon_alignemt":"","sfsi_plus_gutenburg_max_per_row":"","footnotes":""},"categories":[6],"tags":[],"class_list":["post-65948","post","type-post","status-publish","format-standard","has-post-thumbnail","hentry","category-cidades"],"_links":{"self":[{"href":"https:\/\/www.caririemacao.com\/1\/wp-json\/wp\/v2\/posts\/65948","targetHints":{"allow":["GET"]}}],"collection":[{"href":"https:\/\/www.caririemacao.com\/1\/wp-json\/wp\/v2\/posts"}],"about":[{"href":"https:\/\/www.caririemacao.com\/1\/wp-json\/wp\/v2\/types\/post"}],"author":[{"embeddable":true,"href":"https:\/\/www.caririemacao.com\/1\/wp-json\/wp\/v2\/users\/1"}],"replies":[{"embeddable":true,"href":"https:\/\/www.caririemacao.com\/1\/wp-json\/wp\/v2\/comments?post=65948"}],"version-history":[{"count":1,"href":"https:\/\/www.caririemacao.com\/1\/wp-json\/wp\/v2\/posts\/65948\/revisions"}],"predecessor-version":[{"id":65951,"href":"https:\/\/www.caririemacao.com\/1\/wp-json\/wp\/v2\/posts\/65948\/revisions\/65951"}],"wp:featuredmedia":[{"embeddable":true,"href":"https:\/\/www.caririemacao.com\/1\/wp-json\/wp\/v2\/media\/65949"}],"wp:attachment":[{"href":"https:\/\/www.caririemacao.com\/1\/wp-json\/wp\/v2\/media?parent=65948"}],"wp:term":[{"taxonomy":"category","embeddable":true,"href":"https:\/\/www.caririemacao.com\/1\/wp-json\/wp\/v2\/categories?post=65948"},{"taxonomy":"post_tag","embeddable":true,"href":"https:\/\/www.caririemacao.com\/1\/wp-json\/wp\/v2\/tags?post=65948"}],"curies":[{"name":"wp","href":"https:\/\/api.w.org\/{rel}","templated":true}]}}