{"id":65953,"date":"2018-09-24T10:13:55","date_gmt":"2018-09-24T13:13:55","guid":{"rendered":"http:\/\/www.caririemacao.com\/1\/?p=65953"},"modified":"2018-09-24T10:13:55","modified_gmt":"2018-09-24T13:13:55","slug":"imagens-exclusivas-fantastico-mostra-como-bandidos-explodiram-presidio-na-paraiba-veja-video","status":"publish","type":"post","link":"https:\/\/www.caririemacao.com\/1\/2018\/09\/24\/imagens-exclusivas-fantastico-mostra-como-bandidos-explodiram-presidio-na-paraiba-veja-video\/","title":{"rendered":"Imagens exclusivas: Fant\u00e1stico mostra como bandidos explodiram pr\u00e9sidio na Para\u00edba; veja v\u00eddeo"},"content":{"rendered":"<p><img fetchpriority=\"high\" decoding=\"async\" class=\"attachment-single_thumb size-single_thumb wp-post-image\" src=\"http:\/\/www.blogdobrunolira.com.br\/wp-content\/uploads\/2018\/09\/images-20.jpeg\" sizes=\"(max-width: 443px) 100vw, 443px\" srcset=\"http:\/\/www.blogdobrunolira.com.br\/wp-content\/uploads\/2018\/09\/images-20.jpeg 443w, http:\/\/www.blogdobrunolira.com.br\/wp-content\/uploads\/2018\/09\/images-20-300x225.jpeg 300w\" alt=\"\" width=\"443\" height=\"332\" data-attachment-id=\"3812\" data-permalink=\"http:\/\/www.blogdobrunolira.com.br\/2018\/09\/imagens-exclusivas-fantastico-mostra-como-bandidos-explodiram-presidio-na-paraiba-veja-video\/images-20\/\" data-orig-file=\"http:\/\/www.blogdobrunolira.com.br\/wp-content\/uploads\/2018\/09\/images-20.jpeg\" data-orig-size=\"443,332\" data-comments-opened=\"1\" data-image-meta=\"{&quot;aperture&quot;:&quot;0&quot;,&quot;credit&quot;:&quot;&quot;,&quot;camera&quot;:&quot;&quot;,&quot;caption&quot;:&quot;&quot;,&quot;created_timestamp&quot;:&quot;0&quot;,&quot;copyright&quot;:&quot;&quot;,&quot;focal_length&quot;:&quot;0&quot;,&quot;iso&quot;:&quot;0&quot;,&quot;shutter_speed&quot;:&quot;0&quot;,&quot;title&quot;:&quot;&quot;,&quot;orientation&quot;:&quot;0&quot;}\" data-image-title=\"images (20)\" data-image-description=\"\" data-medium-file=\"http:\/\/www.blogdobrunolira.com.br\/wp-content\/uploads\/2018\/09\/images-20-300x225.jpeg\" data-large-file=\"http:\/\/www.blogdobrunolira.com.br\/wp-content\/uploads\/2018\/09\/images-20.jpeg\" \/><\/p>\n<p>A Para\u00edba voltou ao notici\u00e1rio nacional, mas de uma forma n\u00e3o muito agrad\u00e1vel. O programa Fant\u00e1stico, da Rede Globo, exibiu, em primeira m\u00e3o, imagens do momento em que bandidos fortemente armados arrombaram o maior pres\u00eddio de seguran\u00e7a m\u00e1xima do Estado.<\/p>\n<p>O programa mostrou o momento em que o port\u00e3o da unidade prisional foi explodido. O v\u00eddeo mostra o momento em que um homem mascarado aparece e coloca os explosivos no local. confira:<\/p>\n<p>A a\u00e7\u00e3o criminosa aconteceu no \u00faltimo dia 10 deste m\u00eas. Quase 100 presos conseguiram \u00eaxito na fuga. No total, 92 homens escaparam do pres\u00eddio de seguran\u00e7a m\u00e1xima.<\/p>\n<p>O secret\u00e1rio de Administra\u00e7\u00e3o Penitenci\u00e1ria do Estado, S\u00e9rgio Fonseca de Souza, disse na reportagem que a a\u00e7\u00e3o criminosa teve como alvo o resgate dos detentos Rom\u00e1rio Gomes da Silveira, o \u201cRomarinho\u201d, Ivanilson Pereira de Macedo e Ant\u00f4nio Arc\u00eanio de Andrade Neto, todos suspeitos de assalto e explos\u00e3o a carro-forte e presos pela Pol\u00edcia Militar da Para\u00edba no dia 6 de agosto deste ano, na cidade de Lucena.<\/p>\n<p>Na mat\u00e9ria, o promotor Ot\u00e1vio Paulo Neto, critica a forma como tudo aconteceu. \u201c\u00c9 inadmiss\u00edvel que um pres\u00eddio de seguran\u00e7a m\u00e1xima seja t\u00e3o vulner\u00e1vel a a\u00e7\u00f5es como essa\u201d e, mais adiante, disse: \u201c\u00e9 preciso que se tenha um plano, um planejamento de seguran\u00e7a que garanta a manuten\u00e7\u00e3o da ordem p\u00fablica\u201d.<\/p>\n<div class=\"jetpack-video-wrapper\"><span class=\"embed-youtube\"><iframe class=\"youtube-player lazyload\" data-src=\"http:\/\/www.youtube.com\/embed\/3pW_21lBeHs?version=3&amp;rel=1&amp;fs=1&amp;autohide=2&amp;showsearch=0&amp;showinfo=1&amp;iv_load_policy=1&amp;wmode=transparent\" allowfullscreen=\"allowfullscreen\" data-ratio=\"0.6026315789473684\" data-width=\"760\" data-height=\"458\" data-mce-fragment=\"1\" src=\"data:image\/svg+xml;base64,PHN2ZyB3aWR0aD0iMSIgaGVpZ2h0PSIxIiB4bWxucz0iaHR0cDovL3d3dy53My5vcmcvMjAwMC9zdmciPjwvc3ZnPg==\" data-load-mode=\"1\"><\/iframe><\/span><\/div>\n<p><strong>Com T\u00e1 na \u00c1rea<\/strong><\/p>\n<p>Cariri em A\u00e7\u00e3o<\/p>\n<p>Leia mais not\u00edcias em\u00a0<a href=\"http:\/\/www.caririemacao.com\/\">caririemacao.com<\/a>, siga nossa p\u00e1gina no\u00a0<a href=\"https:\/\/www.facebook.com\/CaririEmAcao\/?ref=aymt_homepage_panel\">Facebook<\/a>,\u00a0<a href=\"https:\/\/www.instagram.com\/cariri_em_acao\/?hl=pt-br\">Instagram<\/a>\u00a0e\u00a0<a href=\"https:\/\/www.youtube.com\/channel\/UCAptA0jQuYQy8vMhLt2m4qg\">Youtube<\/a>\u00a0e veja nossas mat\u00e9rias, v\u00eddeos e fotos. Voc\u00ea tamb\u00e9m pode enviar informa\u00e7\u00f5es \u00e0 Reda\u00e7\u00e3o do Portal Cariri em A\u00e7\u00e3o pelo WhatsApp (83) 9 9634.5791, (83) 9 9601-1162.<\/p>\n","protected":false},"excerpt":{"rendered":"<p>A Para\u00edba voltou ao notici\u00e1rio nacional, mas de uma forma n\u00e3o muito agrad\u00e1vel. O programa Fant\u00e1stico, da Rede Globo, exibiu, em primeira m\u00e3o, imagens do&hellip; <\/p>\n","protected":false},"author":1,"featured_media":53585,"comment_status":"closed","ping_status":"closed","sticky":false,"template":"","format":"standard","meta":{"sfsi_plus_gutenberg_text_before_share":"","sfsi_plus_gutenberg_show_text_before_share":"","sfsi_plus_gutenberg_icon_type":"","sfsi_plus_gutenberg_icon_alignemt":"","sfsi_plus_gutenburg_max_per_row":"","footnotes":""},"categories":[12],"tags":[],"class_list":["post-65953","post","type-post","status-publish","format-standard","has-post-thumbnail","hentry","category-policia"],"_links":{"self":[{"href":"https:\/\/www.caririemacao.com\/1\/wp-json\/wp\/v2\/posts\/65953","targetHints":{"allow":["GET"]}}],"collection":[{"href":"https:\/\/www.caririemacao.com\/1\/wp-json\/wp\/v2\/posts"}],"about":[{"href":"https:\/\/www.caririemacao.com\/1\/wp-json\/wp\/v2\/types\/post"}],"author":[{"embeddable":true,"href":"https:\/\/www.caririemacao.com\/1\/wp-json\/wp\/v2\/users\/1"}],"replies":[{"embeddable":true,"href":"https:\/\/www.caririemacao.com\/1\/wp-json\/wp\/v2\/comments?post=65953"}],"version-history":[{"count":1,"href":"https:\/\/www.caririemacao.com\/1\/wp-json\/wp\/v2\/posts\/65953\/revisions"}],"predecessor-version":[{"id":65954,"href":"https:\/\/www.caririemacao.com\/1\/wp-json\/wp\/v2\/posts\/65953\/revisions\/65954"}],"wp:featuredmedia":[{"embeddable":true,"href":"https:\/\/www.caririemacao.com\/1\/wp-json\/wp\/v2\/media\/53585"}],"wp:attachment":[{"href":"https:\/\/www.caririemacao.com\/1\/wp-json\/wp\/v2\/media?parent=65953"}],"wp:term":[{"taxonomy":"category","embeddable":true,"href":"https:\/\/www.caririemacao.com\/1\/wp-json\/wp\/v2\/categories?post=65953"},{"taxonomy":"post_tag","embeddable":true,"href":"https:\/\/www.caririemacao.com\/1\/wp-json\/wp\/v2\/tags?post=65953"}],"curies":[{"name":"wp","href":"https:\/\/api.w.org\/{rel}","templated":true}]}}