{"id":65957,"date":"2018-09-24T10:42:46","date_gmt":"2018-09-24T13:42:46","guid":{"rendered":"http:\/\/www.caririemacao.com\/1\/?p=65957"},"modified":"2018-09-24T10:42:46","modified_gmt":"2018-09-24T13:42:46","slug":"ricardo-avalia-criticas-de-lucelio-e-maranhao-e-dispara-oposicao-perdeu-completamente-o-discurso","status":"publish","type":"post","link":"https:\/\/www.caririemacao.com\/1\/2018\/09\/24\/ricardo-avalia-criticas-de-lucelio-e-maranhao-e-dispara-oposicao-perdeu-completamente-o-discurso\/","title":{"rendered":"Ricardo avalia cr\u00edticas de Luc\u00e9lio e Maranh\u00e3o e dispara: \u201cOposi\u00e7\u00e3o perdeu completamente o discurso\u201d"},"content":{"rendered":"<p>O governador Ricardo Coutinho (PSB) avaliou, nesta segunda-feira (24), os discursos utilizados pelo candidatos ao Governo Luc\u00e9lio Cartaxo (PV) e Jos\u00e9 Maranh\u00e3o (MDB) em contraponto \u00e0 candidatura do seu candidato \u00e0 sucess\u00e3o, Jo\u00e3o Azev\u00eado (PSB).<\/p>\n<p>\u201cEu penso que a oposi\u00e7\u00e3o perdeu completamente o seu discurso, e perdeu porque n\u00e3o tem hist\u00f3ria, porque n\u00e3o tem passado. Voc\u00ea se contrapor a um governo que, entre erros e acertos, tem muito mais acertos do que erros, um governo que conseguiu olhar para todas as regi\u00f5es\u201d, afirmou.<\/p>\n<p>Ricardo disse que tem, ao longo da campanha eleitoral, viajado pelo estado e p\u00f4de constatar uma evolu\u00e7\u00e3o real de regi\u00f5es anteriormente abandonados e que, segundo ele, mudaram completamente, a exemplo do Cariri.<\/p>\n<p>\u201cDaqui a cinco anos vamos perceber a import\u00e2ncia do desenvolvimento da econ\u00f4mica, do desenvolvimento integrado, a partir de duas a\u00e7\u00f5es fundamentais: a transposi\u00e7\u00e3o e as estradas. Criamos condi\u00e7\u00f5es que para que todas as regi\u00f5es evolu\u00edrem. Eu tenho uma cren\u00e7a no futuro desse estado a partir dessa log\u00edstica e infraestrutura que foi implementada\u201d, declarou.<\/p>\n<p>As declara\u00e7\u00f5es foram dadas durante entrevista \u00e0 R\u00e1dio Integra\u00e7\u00e3o FM, em Bananeiras.<\/p>\n<p>Blog do Gordinho<\/p>\n<p>Cariri em A\u00e7\u00e3o<\/p>\n<p>Leia mais not\u00edcias em\u00a0<a href=\"http:\/\/www.caririemacao.com\/\">caririemacao.com<\/a>, siga nossa p\u00e1gina no\u00a0<a href=\"https:\/\/www.facebook.com\/CaririEmAcao\/?ref=aymt_homepage_panel\">Facebook<\/a>,\u00a0<a href=\"https:\/\/www.instagram.com\/cariri_em_acao\/?hl=pt-br\">Instagram<\/a>\u00a0e\u00a0<a href=\"https:\/\/www.youtube.com\/channel\/UCAptA0jQuYQy8vMhLt2m4qg\">Youtube<\/a>\u00a0e veja nossas mat\u00e9rias, v\u00eddeos e fotos. Voc\u00ea tamb\u00e9m pode enviar informa\u00e7\u00f5es \u00e0 Reda\u00e7\u00e3o do Portal Cariri em A\u00e7\u00e3o pelo WhatsApp (83) 9 9634.5791, (83) 9 9601-1162.<\/p>\n","protected":false},"excerpt":{"rendered":"<p>O governador Ricardo Coutinho (PSB) avaliou, nesta segunda-feira (24), os discursos utilizados pelo candidatos ao Governo Luc\u00e9lio Cartaxo (PV) e Jos\u00e9 Maranh\u00e3o (MDB) em contraponto&hellip; <\/p>\n","protected":false},"author":1,"featured_media":56288,"comment_status":"closed","ping_status":"closed","sticky":false,"template":"","format":"standard","meta":{"sfsi_plus_gutenberg_text_before_share":"","sfsi_plus_gutenberg_show_text_before_share":"","sfsi_plus_gutenberg_icon_type":"","sfsi_plus_gutenberg_icon_alignemt":"","sfsi_plus_gutenburg_max_per_row":"","footnotes":""},"categories":[11],"tags":[],"class_list":["post-65957","post","type-post","status-publish","format-standard","has-post-thumbnail","hentry","category-politica"],"_links":{"self":[{"href":"https:\/\/www.caririemacao.com\/1\/wp-json\/wp\/v2\/posts\/65957","targetHints":{"allow":["GET"]}}],"collection":[{"href":"https:\/\/www.caririemacao.com\/1\/wp-json\/wp\/v2\/posts"}],"about":[{"href":"https:\/\/www.caririemacao.com\/1\/wp-json\/wp\/v2\/types\/post"}],"author":[{"embeddable":true,"href":"https:\/\/www.caririemacao.com\/1\/wp-json\/wp\/v2\/users\/1"}],"replies":[{"embeddable":true,"href":"https:\/\/www.caririemacao.com\/1\/wp-json\/wp\/v2\/comments?post=65957"}],"version-history":[{"count":1,"href":"https:\/\/www.caririemacao.com\/1\/wp-json\/wp\/v2\/posts\/65957\/revisions"}],"predecessor-version":[{"id":65958,"href":"https:\/\/www.caririemacao.com\/1\/wp-json\/wp\/v2\/posts\/65957\/revisions\/65958"}],"wp:featuredmedia":[{"embeddable":true,"href":"https:\/\/www.caririemacao.com\/1\/wp-json\/wp\/v2\/media\/56288"}],"wp:attachment":[{"href":"https:\/\/www.caririemacao.com\/1\/wp-json\/wp\/v2\/media?parent=65957"}],"wp:term":[{"taxonomy":"category","embeddable":true,"href":"https:\/\/www.caririemacao.com\/1\/wp-json\/wp\/v2\/categories?post=65957"},{"taxonomy":"post_tag","embeddable":true,"href":"https:\/\/www.caririemacao.com\/1\/wp-json\/wp\/v2\/tags?post=65957"}],"curies":[{"name":"wp","href":"https:\/\/api.w.org\/{rel}","templated":true}]}}