{"id":65959,"date":"2018-09-24T10:48:03","date_gmt":"2018-09-24T13:48:03","guid":{"rendered":"http:\/\/www.caririemacao.com\/1\/?p=65959"},"modified":"2018-09-24T10:48:03","modified_gmt":"2018-09-24T13:48:03","slug":"ciro-gomes-chama-jair-bolsonaro-de-nazista-f-d-p","status":"publish","type":"post","link":"https:\/\/www.caririemacao.com\/1\/2018\/09\/24\/ciro-gomes-chama-jair-bolsonaro-de-nazista-f-d-p\/","title":{"rendered":"Ciro Gomes chama Jair Bolsonaro de \u201cnazista f.d.p\u201d"},"content":{"rendered":"<p>Jornal noticiou que Ciro Gomes (PDT),\u00a0ap\u00f3s fazer uma caminhada pelo Centro de Goi\u00e2nia (GO), foi surpreendido por um apoiador de Jair Bolsonaro que tentou\u00a0subir num caminh\u00e3o de som do partido com uma camisa com o n\u00famero 17 (referente ao PSL).<\/p>\n<div id=\"attachment_506193\" class=\"wp-caption aligncenter\"><img decoding=\"async\" class=\"wp-image-506193 size-full lazyloaded\" src=\"https:\/\/paraibaonline.com.br\/wp-content\/uploads\/2018\/09\/ciro2409.jpg\" sizes=\"(max-width: 1024px) 100vw, 1024px\" srcset=\"https:\/\/paraibaonline.com.br\/wp-content\/uploads\/2018\/09\/ciro2409.jpg 1024w, https:\/\/paraibaonline.com.br\/wp-content\/uploads\/2018\/09\/ciro2409-567x378.jpg 567w, https:\/\/paraibaonline.com.br\/wp-content\/uploads\/2018\/09\/ciro2409-900x600.jpg 900w\" alt=\"Foto: Reprodu\u00e7\u00e3o\/ Internet\" data-lazy-src=\"https:\/\/paraibaonline.com.br\/wp-content\/uploads\/2018\/09\/ciro2409.jpg\" data-lazy-srcset=\"https:\/\/paraibaonline.com.br\/wp-content\/uploads\/2018\/09\/ciro2409.jpg 1024w, https:\/\/paraibaonline.com.br\/wp-content\/uploads\/2018\/09\/ciro2409-567x378.jpg 567w, https:\/\/paraibaonline.com.br\/wp-content\/uploads\/2018\/09\/ciro2409-900x600.jpg 900w\" data-lazy-sizes=\"(max-width: 1024px) 100vw, 1024px\" data-was-processed=\"true\" \/><\/p>\n<p class=\"wp-caption-text\">Foto: Reprodu\u00e7\u00e3o\/ Internet<\/p>\n<\/div>\n<p>Rea\u00e7\u00e3o de Ciro: \u201cTenham paci\u00eancia com ele, ele n\u00e3o \u00e9 culpado de nada. Ele s\u00f3 \u00e9 v\u00edtima desse nazista, fi\u2026 da pu\u2026\u201d.<\/p>\n<p>Estad\u00e3o<\/p>\n<p>Cariri em A\u00e7\u00e3o<\/p>\n<p>Leia mais not\u00edcias em\u00a0<a href=\"http:\/\/www.caririemacao.com\/\">caririemacao.com<\/a>, siga nossa p\u00e1gina no\u00a0<a href=\"https:\/\/www.facebook.com\/CaririEmAcao\/?ref=aymt_homepage_panel\">Facebook<\/a>,\u00a0<a href=\"https:\/\/www.instagram.com\/cariri_em_acao\/?hl=pt-br\">Instagram<\/a>\u00a0e\u00a0<a href=\"https:\/\/www.youtube.com\/channel\/UCAptA0jQuYQy8vMhLt2m4qg\">Youtube<\/a>\u00a0e veja nossas mat\u00e9rias, v\u00eddeos e fotos. Voc\u00ea tamb\u00e9m pode enviar informa\u00e7\u00f5es \u00e0 Reda\u00e7\u00e3o do Portal Cariri em A\u00e7\u00e3o pelo WhatsApp (83) 9 9634.5791, (83) 9 9601-1162.<\/p>\n","protected":false},"excerpt":{"rendered":"<p>Jornal noticiou que Ciro Gomes (PDT),\u00a0ap\u00f3s fazer uma caminhada pelo Centro de Goi\u00e2nia (GO), foi surpreendido por um apoiador de Jair Bolsonaro que tentou\u00a0subir num&hellip; <\/p>\n","protected":false},"author":1,"featured_media":53998,"comment_status":"closed","ping_status":"closed","sticky":false,"template":"","format":"standard","meta":{"sfsi_plus_gutenberg_text_before_share":"","sfsi_plus_gutenberg_show_text_before_share":"","sfsi_plus_gutenberg_icon_type":"","sfsi_plus_gutenberg_icon_alignemt":"","sfsi_plus_gutenburg_max_per_row":"","footnotes":""},"categories":[1],"tags":[],"class_list":["post-65959","post","type-post","status-publish","format-standard","has-post-thumbnail","hentry","category-o-site"],"_links":{"self":[{"href":"https:\/\/www.caririemacao.com\/1\/wp-json\/wp\/v2\/posts\/65959","targetHints":{"allow":["GET"]}}],"collection":[{"href":"https:\/\/www.caririemacao.com\/1\/wp-json\/wp\/v2\/posts"}],"about":[{"href":"https:\/\/www.caririemacao.com\/1\/wp-json\/wp\/v2\/types\/post"}],"author":[{"embeddable":true,"href":"https:\/\/www.caririemacao.com\/1\/wp-json\/wp\/v2\/users\/1"}],"replies":[{"embeddable":true,"href":"https:\/\/www.caririemacao.com\/1\/wp-json\/wp\/v2\/comments?post=65959"}],"version-history":[{"count":1,"href":"https:\/\/www.caririemacao.com\/1\/wp-json\/wp\/v2\/posts\/65959\/revisions"}],"predecessor-version":[{"id":65960,"href":"https:\/\/www.caririemacao.com\/1\/wp-json\/wp\/v2\/posts\/65959\/revisions\/65960"}],"wp:featuredmedia":[{"embeddable":true,"href":"https:\/\/www.caririemacao.com\/1\/wp-json\/wp\/v2\/media\/53998"}],"wp:attachment":[{"href":"https:\/\/www.caririemacao.com\/1\/wp-json\/wp\/v2\/media?parent=65959"}],"wp:term":[{"taxonomy":"category","embeddable":true,"href":"https:\/\/www.caririemacao.com\/1\/wp-json\/wp\/v2\/categories?post=65959"},{"taxonomy":"post_tag","embeddable":true,"href":"https:\/\/www.caririemacao.com\/1\/wp-json\/wp\/v2\/tags?post=65959"}],"curies":[{"name":"wp","href":"https:\/\/api.w.org\/{rel}","templated":true}]}}