{"id":65961,"date":"2018-09-24T10:53:32","date_gmt":"2018-09-24T13:53:32","guid":{"rendered":"http:\/\/www.caririemacao.com\/1\/?p=65961"},"modified":"2018-09-24T10:53:32","modified_gmt":"2018-09-24T13:53:32","slug":"paroquia-de-sao-sebastiao-realiza-encontro-de-liturgia-com-a-forania-cariri-2","status":"publish","type":"post","link":"https:\/\/www.caririemacao.com\/1\/2018\/09\/24\/paroquia-de-sao-sebastiao-realiza-encontro-de-liturgia-com-a-forania-cariri-2\/","title":{"rendered":"Par\u00f3quia de S\u00e3o Sebasti\u00e3o realiza encontro de Liturgia com a Forania Cariri 2"},"content":{"rendered":"<p>A Par\u00f3quia de S\u00e3o Sebasti\u00e3o, S\u00e3o Sebasti\u00e3o do Umbuzeiro,\u00a0 realizou neste domingo (23), na Comunidade Nossa Senhora das Dores em Zabel\u00ea, o encontro de Liturgia com as paroquias que comp\u00f5e a Forania Cariri 2 da Diocese de Campina Grande.<\/p>\n<p>A Forma\u00e7\u00e3o foi realizada na Escola Municipal Maria Bezerra da Silva, \u00a0pela Comiss\u00e3o Diocesana de Liturgia,\u00a0que tem como coordenador o Seminarista Danilo C\u00e9sar<strong>,<\/strong>\u00a0durante todo o dia houve um encontro formativo.<\/p>\n<p>Foram realizadas forma\u00e7\u00e3o com as equipes de Leituras, Salmos, C\u00e2nticos, Coroinhas, Ministros Extraordin\u00e1rio da Eucaristia e Pastoral da Comunica\u00e7\u00e3o (Pascom).<\/p>\n<p>Tamb\u00e9m durante o encontro a Pascom Diocesana, realizou uma forma\u00e7\u00e3o com os agentes da Pastoral da Comunica\u00e7\u00e3o das cinco par\u00f3quias que comp\u00f5em a Forania,<\/p>\n<p>A forma\u00e7\u00e3o foi realizada pela equipe diocesana Stefanio Cavalcante e Thiago Almeida, que explicou o sentido da miss\u00e3o da Pastoral da Comunica\u00e7\u00e3o na vida e miss\u00e3o da igreja.<\/p>\n<p>A Forania Cariri 2 compreende as seguintes par\u00f3quias: Nossa Senhora da Concei\u00e7\u00e3o(Sum\u00e9), Nossa Senhora das Dores (Monteiro), S\u00e3o Sebasti\u00e3o (S\u00e3o Sebasti\u00e3o do Umbuzeiro\/Zabel\u00ea), Nossa Senhora do Ros\u00e1rio (Prata\/Amparo\/Ouro Velho) e S\u00e3o Jos\u00e9 (Camala\u00fa\/S\u00e3o Jo\u00e3o do Tigre).<\/p>\n<p>Blog do Didi<\/p>\n<p>Cariri em A\u00e7\u00e3o<\/p>\n<p>Leia mais not\u00edcias em\u00a0<a href=\"http:\/\/www.caririemacao.com\/\">caririemacao.com<\/a>, siga nossa p\u00e1gina no\u00a0<a href=\"https:\/\/www.facebook.com\/CaririEmAcao\/?ref=aymt_homepage_panel\">Facebook<\/a>,\u00a0<a href=\"https:\/\/www.instagram.com\/cariri_em_acao\/?hl=pt-br\">Instagram<\/a>\u00a0e\u00a0<a href=\"https:\/\/www.youtube.com\/channel\/UCAptA0jQuYQy8vMhLt2m4qg\">Youtube<\/a>\u00a0e veja nossas mat\u00e9rias, v\u00eddeos e fotos. Voc\u00ea tamb\u00e9m pode enviar informa\u00e7\u00f5es \u00e0 Reda\u00e7\u00e3o do Portal Cariri em A\u00e7\u00e3o pelo WhatsApp (83) 9 9634.5791, (83) 9 9601-1162.<\/p>\n","protected":false},"excerpt":{"rendered":"<p>A Par\u00f3quia de S\u00e3o Sebasti\u00e3o, S\u00e3o Sebasti\u00e3o do Umbuzeiro,\u00a0 realizou neste domingo (23), na Comunidade Nossa Senhora das Dores em Zabel\u00ea, o encontro de Liturgia&hellip; <\/p>\n","protected":false},"author":1,"featured_media":65962,"comment_status":"closed","ping_status":"closed","sticky":false,"template":"","format":"standard","meta":{"sfsi_plus_gutenberg_text_before_share":"","sfsi_plus_gutenberg_show_text_before_share":"","sfsi_plus_gutenberg_icon_type":"","sfsi_plus_gutenberg_icon_alignemt":"","sfsi_plus_gutenburg_max_per_row":"","footnotes":""},"categories":[15],"tags":[],"class_list":["post-65961","post","type-post","status-publish","format-standard","has-post-thumbnail","hentry","category-cultura"],"_links":{"self":[{"href":"https:\/\/www.caririemacao.com\/1\/wp-json\/wp\/v2\/posts\/65961","targetHints":{"allow":["GET"]}}],"collection":[{"href":"https:\/\/www.caririemacao.com\/1\/wp-json\/wp\/v2\/posts"}],"about":[{"href":"https:\/\/www.caririemacao.com\/1\/wp-json\/wp\/v2\/types\/post"}],"author":[{"embeddable":true,"href":"https:\/\/www.caririemacao.com\/1\/wp-json\/wp\/v2\/users\/1"}],"replies":[{"embeddable":true,"href":"https:\/\/www.caririemacao.com\/1\/wp-json\/wp\/v2\/comments?post=65961"}],"version-history":[{"count":1,"href":"https:\/\/www.caririemacao.com\/1\/wp-json\/wp\/v2\/posts\/65961\/revisions"}],"predecessor-version":[{"id":65963,"href":"https:\/\/www.caririemacao.com\/1\/wp-json\/wp\/v2\/posts\/65961\/revisions\/65963"}],"wp:featuredmedia":[{"embeddable":true,"href":"https:\/\/www.caririemacao.com\/1\/wp-json\/wp\/v2\/media\/65962"}],"wp:attachment":[{"href":"https:\/\/www.caririemacao.com\/1\/wp-json\/wp\/v2\/media?parent=65961"}],"wp:term":[{"taxonomy":"category","embeddable":true,"href":"https:\/\/www.caririemacao.com\/1\/wp-json\/wp\/v2\/categories?post=65961"},{"taxonomy":"post_tag","embeddable":true,"href":"https:\/\/www.caririemacao.com\/1\/wp-json\/wp\/v2\/tags?post=65961"}],"curies":[{"name":"wp","href":"https:\/\/api.w.org\/{rel}","templated":true}]}}