{"id":65966,"date":"2018-09-24T12:20:42","date_gmt":"2018-09-24T15:20:42","guid":{"rendered":"http:\/\/www.caririemacao.com\/1\/?p=65966"},"modified":"2018-09-24T12:20:42","modified_gmt":"2018-09-24T15:20:42","slug":"prefeitura-de-sao-joao-do-cariri-inscreve-para-concurso-ate-o-proximo-domingo","status":"publish","type":"post","link":"https:\/\/www.caririemacao.com\/1\/2018\/09\/24\/prefeitura-de-sao-joao-do-cariri-inscreve-para-concurso-ate-o-proximo-domingo\/","title":{"rendered":"Prefeitura de S\u00e3o Jo\u00e3o do Cariri inscreve para concurso at\u00e9 o pr\u00f3ximo domingo"},"content":{"rendered":"<p>As inscri\u00e7\u00f5es para o\u00a0concurso da prefeitura de S\u00e3o Jo\u00e3o do Cariri, que oferta 31 vagas acontece at\u00e9 o pr\u00f3ximo domingo (30).\u00a0\u00a0As vagas s\u00e3o para cargos de todos os n\u00edveis de escolaridade, com sal\u00e1rios que variam de R$ 954 a R$ 2.005,50.<\/p>\n<p>O cargo com o maior n\u00famero de vagas \u00e9 o de professor polivalente, com quatro oportunidades, e exige o n\u00edvel superior em pedagogia, com sal\u00e1rios de R$ 1.816,50. Os cargos com maior sal\u00e1rio s\u00e3o os de enfermeiro PSF e professor B (matem\u00e1tica, portugu\u00eas, ci\u00eancias, ingl\u00eas, geografia e hist\u00f3ria).<\/p>\n<p>Al\u00e9m destas oportunidades, tamb\u00e9m h\u00e1 vagas para agente comunit\u00e1rio de sa\u00fade, auxiliar de consult\u00f3rio dent\u00e1rio PSF, auxiliar de creche, assistente social CRAS, farmac\u00eautico\/bioqu\u00edmico, fisioterapeuta, fiscal de arrecada\u00e7\u00e3o, m\u00e9dico cl\u00ednico geral PSF, motorista (B e D), nutricionista, odont\u00f3logo PSF, operador de m\u00e1quinas, psic\u00f3logo CRAS e t\u00e9cnico de enfermagem.<\/p>\n<p>As inscri\u00e7\u00f5es devem ser feitas exclusivamente pela internet, no\u00a0<a href=\"http:\/\/apiceconsultoria.com\/Concursos\/43\/pdf\/pdf_4350605092018014140.pdf\">site da organizadora<\/a>, at\u00e9 o dia 30 de setembro. As taxas de inscri\u00e7\u00e3o custam R$ 73,66 para cargos de n\u00edvel fundamental completo, R$ 93,33 para cargos de n\u00edvel m\u00e9dio e t\u00e9cnico e R$ 115 para cargos de n\u00edvel superior.<\/p>\n<p>As provas escritas do concurso est\u00e3o previstas para acontecer no dia 18 de agosto, em hor\u00e1rio e local previsto para ser divulgado dez dias antes da data da prova.<\/p>\n<p>O resultado final do concurso est\u00e1 previsto para o dia 7 de dezembro. O certame tem validade de dois anos, podendo ser prorrogado.<\/p>\n<p>ClickPB<\/p>\n<p>Cariri em A\u00e7\u00e3o<\/p>\n<p>Leia mais not\u00edcias em\u00a0<a href=\"http:\/\/www.caririemacao.com\/\">caririemacao.com<\/a>, siga nossa p\u00e1gina no\u00a0<a href=\"https:\/\/www.facebook.com\/CaririEmAcao\/?ref=aymt_homepage_panel\">Facebook<\/a>,\u00a0<a href=\"https:\/\/www.instagram.com\/cariri_em_acao\/?hl=pt-br\">Instagram<\/a>\u00a0e\u00a0<a href=\"https:\/\/www.youtube.com\/channel\/UCAptA0jQuYQy8vMhLt2m4qg\">Youtube<\/a>\u00a0e veja nossas mat\u00e9rias, v\u00eddeos e fotos. Voc\u00ea tamb\u00e9m pode enviar informa\u00e7\u00f5es \u00e0 Reda\u00e7\u00e3o do Portal Cariri em A\u00e7\u00e3o pelo WhatsApp (83) 9 9634.5791, (83) 9 9601-1162.<\/p>\n","protected":false},"excerpt":{"rendered":"<p>As inscri\u00e7\u00f5es para o\u00a0concurso da prefeitura de S\u00e3o Jo\u00e3o do Cariri, que oferta 31 vagas acontece at\u00e9 o pr\u00f3ximo domingo (30).\u00a0\u00a0As vagas s\u00e3o para cargos&hellip; <\/p>\n","protected":false},"author":1,"featured_media":65967,"comment_status":"closed","ping_status":"closed","sticky":false,"template":"","format":"standard","meta":{"sfsi_plus_gutenberg_text_before_share":"","sfsi_plus_gutenberg_show_text_before_share":"","sfsi_plus_gutenberg_icon_type":"","sfsi_plus_gutenberg_icon_alignemt":"","sfsi_plus_gutenburg_max_per_row":"","footnotes":""},"categories":[6],"tags":[],"class_list":["post-65966","post","type-post","status-publish","format-standard","has-post-thumbnail","hentry","category-cidades"],"_links":{"self":[{"href":"https:\/\/www.caririemacao.com\/1\/wp-json\/wp\/v2\/posts\/65966","targetHints":{"allow":["GET"]}}],"collection":[{"href":"https:\/\/www.caririemacao.com\/1\/wp-json\/wp\/v2\/posts"}],"about":[{"href":"https:\/\/www.caririemacao.com\/1\/wp-json\/wp\/v2\/types\/post"}],"author":[{"embeddable":true,"href":"https:\/\/www.caririemacao.com\/1\/wp-json\/wp\/v2\/users\/1"}],"replies":[{"embeddable":true,"href":"https:\/\/www.caririemacao.com\/1\/wp-json\/wp\/v2\/comments?post=65966"}],"version-history":[{"count":1,"href":"https:\/\/www.caririemacao.com\/1\/wp-json\/wp\/v2\/posts\/65966\/revisions"}],"predecessor-version":[{"id":65968,"href":"https:\/\/www.caririemacao.com\/1\/wp-json\/wp\/v2\/posts\/65966\/revisions\/65968"}],"wp:featuredmedia":[{"embeddable":true,"href":"https:\/\/www.caririemacao.com\/1\/wp-json\/wp\/v2\/media\/65967"}],"wp:attachment":[{"href":"https:\/\/www.caririemacao.com\/1\/wp-json\/wp\/v2\/media?parent=65966"}],"wp:term":[{"taxonomy":"category","embeddable":true,"href":"https:\/\/www.caririemacao.com\/1\/wp-json\/wp\/v2\/categories?post=65966"},{"taxonomy":"post_tag","embeddable":true,"href":"https:\/\/www.caririemacao.com\/1\/wp-json\/wp\/v2\/tags?post=65966"}],"curies":[{"name":"wp","href":"https:\/\/api.w.org\/{rel}","templated":true}]}}