{"id":65978,"date":"2018-09-24T15:48:46","date_gmt":"2018-09-24T18:48:46","guid":{"rendered":"http:\/\/www.caririemacao.com\/1\/?p=65978"},"modified":"2018-09-24T15:48:46","modified_gmt":"2018-09-24T18:48:46","slug":"pedal-pela-vida-em-sume-discute-prevencao-ao-suicidio","status":"publish","type":"post","link":"https:\/\/www.caririemacao.com\/1\/2018\/09\/24\/pedal-pela-vida-em-sume-discute-prevencao-ao-suicidio\/","title":{"rendered":"Pedal Pela Vida em Sum\u00e9 discute preven\u00e7\u00e3o ao suic\u00eddio"},"content":{"rendered":"<p>Sum\u00e9\u00a0\u00a0encerrou as atividades do\u00a0\u201cSetembro Amarelo\u201d, com um passeio ciclista, no s\u00e1bado (22). O evento teve como objetivo alertar a popula\u00e7\u00e3o sobre a preven\u00e7\u00e3o ao suic\u00eddio. A concentra\u00e7\u00e3o ocorreu \u00e0s 16h00, na Pra\u00e7a Jos\u00e9 Am\u00e9rico. Cerca de 25 participantes fizeram um percurso de 12km pelas principais ruas da cidade, com camisas e bolas amarelas.<br \/>\nO suic\u00eddio mata mais pessoas do que a Aids e alguns tipos de c\u00e2ncer. Segundo a Organiza\u00e7\u00e3o Mundial da Sa\u00fade, por ano, h\u00e1 1 suic\u00eddio a ca<span class=\"text_exposed_show\">da 40 segundos. Em 9 de cada 10 casos, a morte poderia ser prevenida com tratamento e informa\u00e7\u00e3o.<br \/>\nDurante esse m\u00eas, a secretaria de sa\u00fade do munic\u00edpio por meio do Centro de Aten\u00e7\u00e3o Psicossocial, (CAPS) promoveu v\u00e1rias atividades, em alus\u00e3o ao tema: palestras, entregas de fitinhas, material explicativo sobre o assunto, caminhada e o encerramento com o passeio ciclista.<\/span><\/p>\n<p>Ascom\/Sum\u00e9<\/p>\n<p>Cariri em A\u00e7\u00e3o<\/p>\n<p>Leia mais not\u00edcias em\u00a0<a href=\"http:\/\/www.caririemacao.com\/\">caririemacao.com<\/a>, siga nossa p\u00e1gina no\u00a0<a href=\"https:\/\/www.facebook.com\/CaririEmAcao\/?ref=aymt_homepage_panel\">Facebook<\/a>,\u00a0<a href=\"https:\/\/www.instagram.com\/cariri_em_acao\/?hl=pt-br\">Instagram<\/a>\u00a0e\u00a0<a href=\"https:\/\/www.youtube.com\/channel\/UCAptA0jQuYQy8vMhLt2m4qg\">Youtube<\/a>\u00a0e veja nossas mat\u00e9rias, v\u00eddeos e fotos. Voc\u00ea tamb\u00e9m pode enviar informa\u00e7\u00f5es \u00e0 Reda\u00e7\u00e3o do Portal Cariri em A\u00e7\u00e3o pelo WhatsApp (83) 9 9634.5791, (83) 9 9601-1162.<\/p>\n","protected":false},"excerpt":{"rendered":"<p>Sum\u00e9\u00a0\u00a0encerrou as atividades do\u00a0\u201cSetembro Amarelo\u201d, com um passeio ciclista, no s\u00e1bado (22). O evento teve como objetivo alertar a popula\u00e7\u00e3o sobre a preven\u00e7\u00e3o ao suic\u00eddio.&hellip; <\/p>\n","protected":false},"author":1,"featured_media":65979,"comment_status":"closed","ping_status":"closed","sticky":false,"template":"","format":"standard","meta":{"sfsi_plus_gutenberg_text_before_share":"","sfsi_plus_gutenberg_show_text_before_share":"","sfsi_plus_gutenberg_icon_type":"","sfsi_plus_gutenberg_icon_alignemt":"","sfsi_plus_gutenburg_max_per_row":"","footnotes":""},"categories":[13],"tags":[],"class_list":["post-65978","post","type-post","status-publish","format-standard","has-post-thumbnail","hentry","category-esportes"],"_links":{"self":[{"href":"https:\/\/www.caririemacao.com\/1\/wp-json\/wp\/v2\/posts\/65978","targetHints":{"allow":["GET"]}}],"collection":[{"href":"https:\/\/www.caririemacao.com\/1\/wp-json\/wp\/v2\/posts"}],"about":[{"href":"https:\/\/www.caririemacao.com\/1\/wp-json\/wp\/v2\/types\/post"}],"author":[{"embeddable":true,"href":"https:\/\/www.caririemacao.com\/1\/wp-json\/wp\/v2\/users\/1"}],"replies":[{"embeddable":true,"href":"https:\/\/www.caririemacao.com\/1\/wp-json\/wp\/v2\/comments?post=65978"}],"version-history":[{"count":1,"href":"https:\/\/www.caririemacao.com\/1\/wp-json\/wp\/v2\/posts\/65978\/revisions"}],"predecessor-version":[{"id":65980,"href":"https:\/\/www.caririemacao.com\/1\/wp-json\/wp\/v2\/posts\/65978\/revisions\/65980"}],"wp:featuredmedia":[{"embeddable":true,"href":"https:\/\/www.caririemacao.com\/1\/wp-json\/wp\/v2\/media\/65979"}],"wp:attachment":[{"href":"https:\/\/www.caririemacao.com\/1\/wp-json\/wp\/v2\/media?parent=65978"}],"wp:term":[{"taxonomy":"category","embeddable":true,"href":"https:\/\/www.caririemacao.com\/1\/wp-json\/wp\/v2\/categories?post=65978"},{"taxonomy":"post_tag","embeddable":true,"href":"https:\/\/www.caririemacao.com\/1\/wp-json\/wp\/v2\/tags?post=65978"}],"curies":[{"name":"wp","href":"https:\/\/api.w.org\/{rel}","templated":true}]}}