{"id":65981,"date":"2018-09-24T21:54:31","date_gmt":"2018-09-25T00:54:31","guid":{"rendered":"http:\/\/www.caririemacao.com\/1\/?p=65981"},"modified":"2018-09-24T21:54:31","modified_gmt":"2018-09-25T00:54:31","slug":"novos-numeros-do-ibope-para-presidente-da-republica","status":"publish","type":"post","link":"https:\/\/www.caririemacao.com\/1\/2018\/09\/24\/novos-numeros-do-ibope-para-presidente-da-republica\/","title":{"rendered":"Novos n\u00fameros do Ibope para presidente da Rep\u00fablica"},"content":{"rendered":"<p>pesquisa do Ibope Intelig\u00eancia sobre inten\u00e7\u00f5es de voto para a Presid\u00eancia da Rep\u00fablica revela que o deputado Jair Bolsonaro (PSL) mant\u00e9m o primeiro lugar com 28% das prefer\u00eancias, a mesma propor\u00e7\u00e3o identificada na pesquisa de 18 de setembro.<\/p>\n<p>O ex-prefeito de S\u00e3o Paulo Fernando Haddad (PT) cresceu tr\u00eas pontos percentuais e atingiu 22% das men\u00e7\u00f5es.<\/p>\n<p>A pesquisa, encomendada pelo jornal O Estado de S. Paulo e pela Rede Globo, foi feita no \u00faltimo final de semana, dias 22 e 23 de setembro. Foram entrevistadas 2.506 pessoas em 178 munic\u00edpios.<\/p>\n<p>A margem de erro \u00e9 de dois pontos percentuais, para mais ou para menos, e o n\u00edvel de confian\u00e7a \u00e9 de 95%. A pesquisa \u00e9 registrada no Tribunal Superior Eleitoral, e foi feita sob o protocolo BR\u201006630\/2018.<\/p>\n<p><img decoding=\"async\" class=\"alignnone size-medium wp-image-501985 lazyloaded\" src=\"https:\/\/paraibaonline.com.br\/wp-content\/uploads\/2018\/09\/BOLSONARO-E-HADDAD-556x417.jpg\" sizes=\"(max-width: 556px) 100vw, 556px\" srcset=\"https:\/\/paraibaonline.com.br\/wp-content\/uploads\/2018\/09\/BOLSONARO-E-HADDAD-556x417.jpg 556w, https:\/\/paraibaonline.com.br\/wp-content\/uploads\/2018\/09\/BOLSONARO-E-HADDAD.jpg 800w\" alt=\"Foto: Montagem\/Paraibaonline\" data-lazy-src=\"https:\/\/paraibaonline.com.br\/wp-content\/uploads\/2018\/09\/BOLSONARO-E-HADDAD-556x417.jpg\" data-lazy-srcset=\"https:\/\/paraibaonline.com.br\/wp-content\/uploads\/2018\/09\/BOLSONARO-E-HADDAD-556x417.jpg 556w, https:\/\/paraibaonline.com.br\/wp-content\/uploads\/2018\/09\/BOLSONARO-E-HADDAD.jpg 800w\" data-lazy-sizes=\"(max-width: 556px) 100vw, 556px\" data-was-processed=\"true\" \/><\/p>\n<p>Entrevistados que declararam voto em branco ou nulo totalizaram 12% \u2013 dois pontos percentuais a menos do que a \u00faltima pesquisa. Seis por cento dos entrevistados n\u00e3o sabem ou n\u00e3o quiseram responder, queda de um ponto percentual.<\/p>\n<p>O ex-ministro Ciro Gomes (PDT) manteve o percentual de inten\u00e7\u00e3o de voto de 11%. O ex-governador de S\u00e3o Paulo Geraldo Alckmin (PSDB) oscilou positivamente um ponto percentual e marcou 8% e a ex-ministra Marina Silva (Rede) oscilou negativamente um ponto percentual e agora foi mencionada por 5% dos eleitores consultados.<\/p>\n<p>Jo\u00e3o Amo\u00eado (Novo) tem 3% das inten\u00e7\u00f5es de voto. Alvaro Dias (Podemos) e Henrique Meirelles (MDB) marcaram 2%. Guilherme Boulos (PSOL) foi citado por 1% dos entrevistados. Cabo Daciolo (Patriota), Vera L\u00facia (PSTU), Jo\u00e3o Goulart Filho (PPL) e Eymael (DC) n\u00e3o pontuaram, segundo o Ibope.<\/p>\n<p>Para\u00edba Online<\/p>\n<p>Cariri em A\u00e7\u00e3o<\/p>\n<p>Leia mais not\u00edcias em\u00a0<a href=\"http:\/\/www.caririemacao.com\/\">caririemacao.com<\/a>, siga nossa p\u00e1gina no\u00a0<a href=\"https:\/\/www.facebook.com\/CaririEmAcao\/?ref=aymt_homepage_panel\">Facebook<\/a>,\u00a0<a href=\"https:\/\/www.instagram.com\/cariri_em_acao\/?hl=pt-br\">Instagram<\/a>\u00a0e\u00a0<a href=\"https:\/\/www.youtube.com\/channel\/UCAptA0jQuYQy8vMhLt2m4qg\">Youtube<\/a>\u00a0e veja nossas mat\u00e9rias, v\u00eddeos e fotos. Voc\u00ea tamb\u00e9m pode enviar informa\u00e7\u00f5es \u00e0 Reda\u00e7\u00e3o do Portal Cariri em A\u00e7\u00e3o pelo WhatsApp (83) 9 9634.5791, (83) 9 9601-1162.<\/p>\n","protected":false},"excerpt":{"rendered":"<p>pesquisa do Ibope Intelig\u00eancia sobre inten\u00e7\u00f5es de voto para a Presid\u00eancia da Rep\u00fablica revela que o deputado Jair Bolsonaro (PSL) mant\u00e9m o primeiro lugar com&hellip; <\/p>\n","protected":false},"author":1,"featured_media":65907,"comment_status":"closed","ping_status":"closed","sticky":false,"template":"","format":"standard","meta":{"sfsi_plus_gutenberg_text_before_share":"","sfsi_plus_gutenberg_show_text_before_share":"","sfsi_plus_gutenberg_icon_type":"","sfsi_plus_gutenberg_icon_alignemt":"","sfsi_plus_gutenburg_max_per_row":"","footnotes":""},"categories":[1],"tags":[],"class_list":["post-65981","post","type-post","status-publish","format-standard","has-post-thumbnail","hentry","category-o-site"],"_links":{"self":[{"href":"https:\/\/www.caririemacao.com\/1\/wp-json\/wp\/v2\/posts\/65981","targetHints":{"allow":["GET"]}}],"collection":[{"href":"https:\/\/www.caririemacao.com\/1\/wp-json\/wp\/v2\/posts"}],"about":[{"href":"https:\/\/www.caririemacao.com\/1\/wp-json\/wp\/v2\/types\/post"}],"author":[{"embeddable":true,"href":"https:\/\/www.caririemacao.com\/1\/wp-json\/wp\/v2\/users\/1"}],"replies":[{"embeddable":true,"href":"https:\/\/www.caririemacao.com\/1\/wp-json\/wp\/v2\/comments?post=65981"}],"version-history":[{"count":1,"href":"https:\/\/www.caririemacao.com\/1\/wp-json\/wp\/v2\/posts\/65981\/revisions"}],"predecessor-version":[{"id":65982,"href":"https:\/\/www.caririemacao.com\/1\/wp-json\/wp\/v2\/posts\/65981\/revisions\/65982"}],"wp:featuredmedia":[{"embeddable":true,"href":"https:\/\/www.caririemacao.com\/1\/wp-json\/wp\/v2\/media\/65907"}],"wp:attachment":[{"href":"https:\/\/www.caririemacao.com\/1\/wp-json\/wp\/v2\/media?parent=65981"}],"wp:term":[{"taxonomy":"category","embeddable":true,"href":"https:\/\/www.caririemacao.com\/1\/wp-json\/wp\/v2\/categories?post=65981"},{"taxonomy":"post_tag","embeddable":true,"href":"https:\/\/www.caririemacao.com\/1\/wp-json\/wp\/v2\/tags?post=65981"}],"curies":[{"name":"wp","href":"https:\/\/api.w.org\/{rel}","templated":true}]}}