{"id":65983,"date":"2018-09-24T21:58:54","date_gmt":"2018-09-25T00:58:54","guid":{"rendered":"http:\/\/www.caririemacao.com\/1\/?p=65983"},"modified":"2018-09-24T21:58:54","modified_gmt":"2018-09-25T00:58:54","slug":"candidatos-ao-governo-prometem-apoiar-a-industria-4-0-e-politica-de-geracao-de-emprego-e-renda","status":"publish","type":"post","link":"https:\/\/www.caririemacao.com\/1\/2018\/09\/24\/candidatos-ao-governo-prometem-apoiar-a-industria-4-0-e-politica-de-geracao-de-emprego-e-renda\/","title":{"rendered":"Candidatos ao governo prometem apoiar a ind\u00fastria 4.0 e pol\u00edtica de gera\u00e7\u00e3o de emprego e renda"},"content":{"rendered":"<p>O \u201cDi\u00e1logo da Ind\u00fastria com os Candidatos ao Governo\u201d reuniu, nesta segunda-feira (24), \u00e0 tarde, Jos\u00e9 Maranh\u00e3o (MDB), Jo\u00e3o Azev\u00eado (MDB) e Luc\u00e9lio Cartaxo (PV), no audit\u00f3rio da Federa\u00e7\u00e3o das Ind\u00fastrias do estado da Para\u00edba (FIEP). Os postulantes ao Pal\u00e1cio da Reden\u00e7\u00e3o prometeram apoiar a ind\u00fastria 4.0, melhorar a infraestrutura do estado e garantir pol\u00edtica de incentivos para assegurar a gera\u00e7\u00e3o de mais empregos e renda<\/p>\n<p>A ind\u00fastria 4.0, como \u00e9 conhecida a integra\u00e7\u00e3o do mundo f\u00edsico e virtual por meio de tecnologias digitais, vai mudar a forma de produzir, gerar novos neg\u00f3cios e transformar o mercado de trabalho. O uso de recursos como internet das coisas, big data e intelig\u00eancia artificial tamb\u00e9m pode aumentar a produtividade das empresas.<\/p>\n<p>O evento foi aberto pelo 1\u00ba vice-presidente da FIEP, Magno Rossi, que apresentou as principais propostas da ind\u00fastria paraibana e entregou o documento aos candidatos. Cada candidato teve 20 minutos para fazer a exposi\u00e7\u00e3o das suas propostas de governo e respondeu as quest\u00f5es dos empres\u00e1rios. O candidato T\u00e1rcio Teixeira (PSOL) foi convidado, mas n\u00e3o compareceu ao evento.<\/p>\n<h4>Jos\u00e9 Maranh\u00e3o<\/h4>\n<p>O primeiro a participar da sabatina foi Jos\u00e9 Maranh\u00e3o. O candidato do MDB disse que est\u00e1 empenhado no plano de governo para promover e ampliar a ind\u00fastria da Para\u00edba. \u201cExiste nesse esfor\u00e7o um vi\u00e9s social. N\u00e3o se concebe no mundo inteiro uma forma mais eficaz e eficiente de se gerar emprego, atrav\u00e9s do desenvolvimento econ\u00f4mico. Mais ind\u00fastria, mais setor de servi\u00e7o e com\u00e9rcio e mais emprego. Isso \u00e9 uma lei econ\u00f4mica e acontece automaticamente\u201d, frisou.<\/p>\n<p>Jos\u00e9 Maranh\u00e3o ressaltou que \u00e9 preciso buscar a moderniza\u00e7\u00e3o para que a ind\u00fastria seja competitiva, possa enfrentar com seus concorrentes, mas o estado tem que fazer a sua parte. Qual \u00e9 a parte do Estado? Implantar uma pol\u00edtica de incentivos fiscais que priorize a ind\u00fastria voltadas para a modernidade e a tecnologia. Esse \u00e9 o s\u00e9culo da tecnologia, a ind\u00fastria 4.0\u201d, destacou.<\/p>\n<p>Maranh\u00e3o ainda pregou a redefini\u00e7\u00e3o vocacional do Porto de Cabedelo. No plano de governo, o candidato prop\u00f5e a cria\u00e7\u00e3o da Empresa Paraibana de Empreendedorismo, uma ag\u00eancia de fomento constru\u00edda a partir da fus\u00e3o com o Empreender Para\u00edba.<\/p>\n<h4>Jo\u00e3o Azev\u00eado<\/h4>\n<p>Depois, foi a vez de Jo\u00e3o Azev\u00eado. O candidato do PSB afirmou que o segmento privado \u00e9 o grande gerador de empregos. \u201cN\u00f3s precisamos dotar o estado cada vez mais das condi\u00e7\u00f5es de estabilidade econ\u00f4mica, segundo as condi\u00e7\u00f5es de infraestrutura que possa captar mais empresas e gerar mais empregos. Isso \u00e9 uma l\u00f3gica \u00f3bvia da economia\u201d, destacou Jo\u00e3o Azevedo.<\/p>\n<p>Ele ressaltou que a atual gest\u00e3o, da qual foi secret\u00e1rio, resolveu cada eixo da infraestrutura, garantindo a matriz energ\u00e9tica, a log\u00edstica para transporte (estrada) e seguran\u00e7a h\u00eddrica. O socialista ainda prometeu, caso seja eleito, construir um centro de conven\u00e7\u00f5es, de feira e exposi\u00e7\u00f5es em campina Grande, al\u00e9m de ampliar o n\u00famero de escolas t\u00e9cnicas estaduais para formar m\u00e3o de obra qualificada para o setor industrial. O candidato tamb\u00e9m assegura apoio \u00e0 ind\u00fastria 4.0.<\/p>\n<p>No programa de governo, Jos\u00e9 Azevedo promete implementar os usos previstos do mapa de oportunidades de potenciais econ\u00f4micos da Para\u00edba conforme vis\u00e3o e modelo de gest\u00e3o constantes do Plano de Desenvolvimento Econ\u00f4mico e Social sustent\u00e1vel dos arranjos produtivos (PLADES).<\/p>\n<h4>Luc\u00e9lio Cartaxo<\/h4>\n<p>Luc\u00e9lio Cartaxo disse que a ind\u00fastria representa quase 20% do Produto Interno Bruto (PIB) do estado da Para\u00edba. \u201cPortanto, n\u00f3s vamos fazer um governo onde o di\u00e1logo vai ser permanente com a ind\u00fastria. Partindo do princ\u00edpio de que a pol\u00edtica de emprego e renda passa necessariamente pela ind\u00fastria, vamos fazer um governo eficiente onde a gente n\u00e3o cobre imposto a altura do que est\u00e1 fazendo hoje\u201d, asseverou Luc\u00e9lio, que tamb\u00e9m garante apoiar a ind\u00fastria 4.0.<\/p>\n<p>O candidato do PV ainda prometeu caso, eleito, indicar o secret\u00e1rio de Desenvolvimento Econ\u00f4mico a partir de uma lista tr\u00edplice apresentada pelos setores produtivos da Para\u00edba. \u201cNo nosso governo, o investidor ser\u00e1 visto como um parceiro, como algu\u00e9m que pode contribuir para o<br \/>\ndesenvolvimento do Estado\u201d, frisou Luc\u00e9lio, que tamb\u00e9m garantiu o fortalecimento dos distritos industriais. .<\/p>\n<p>No programa de governo, ele promete que a Companhia de Desenvolvimento da Para\u00edba (Cinep) ser\u00e1 reformulada, enfocando a atra\u00e7\u00e3o de novos empreendimentos, e vai abrigar o Investe PB, um n\u00facleo com a participa\u00e7\u00e3o de consultores oriundos do servi\u00e7o p\u00fablico e da iniciativa privada, a fim de proporcionar um ambiente de neg\u00f3cios atrativo e com uma maior capacidade de resolver os gargalos comuns aos empreendedores que estejam instalados ou que queiram investir na Para\u00edba.<\/p>\n<p>Elei\u00e7\u00f5es 2018<\/p>\n<p>Cariri em A\u00e7\u00e3o<\/p>\n<p>Leia mais not\u00edcias em\u00a0<a href=\"http:\/\/www.caririemacao.com\/\">caririemacao.com<\/a>, siga nossa p\u00e1gina no\u00a0<a href=\"https:\/\/www.facebook.com\/CaririEmAcao\/?ref=aymt_homepage_panel\">Facebook<\/a>,\u00a0<a href=\"https:\/\/www.instagram.com\/cariri_em_acao\/?hl=pt-br\">Instagram<\/a>\u00a0e\u00a0<a href=\"https:\/\/www.youtube.com\/channel\/UCAptA0jQuYQy8vMhLt2m4qg\">Youtube<\/a>\u00a0e veja nossas mat\u00e9rias, v\u00eddeos e fotos. Voc\u00ea tamb\u00e9m pode enviar informa\u00e7\u00f5es \u00e0 Reda\u00e7\u00e3o do Portal Cariri em A\u00e7\u00e3o pelo WhatsApp (83) 9 9634.5791, (83) 9 9601-1162.<\/p>\n","protected":false},"excerpt":{"rendered":"<p>O \u201cDi\u00e1logo da Ind\u00fastria com os Candidatos ao Governo\u201d reuniu, nesta segunda-feira (24), \u00e0 tarde, Jos\u00e9 Maranh\u00e3o (MDB), Jo\u00e3o Azev\u00eado (MDB) e Luc\u00e9lio Cartaxo (PV),&hellip; <\/p>\n","protected":false},"author":1,"featured_media":65984,"comment_status":"closed","ping_status":"closed","sticky":false,"template":"","format":"standard","meta":{"sfsi_plus_gutenberg_text_before_share":"","sfsi_plus_gutenberg_show_text_before_share":"","sfsi_plus_gutenberg_icon_type":"","sfsi_plus_gutenberg_icon_alignemt":"","sfsi_plus_gutenburg_max_per_row":"","footnotes":""},"categories":[1],"tags":[],"class_list":["post-65983","post","type-post","status-publish","format-standard","has-post-thumbnail","hentry","category-o-site"],"_links":{"self":[{"href":"https:\/\/www.caririemacao.com\/1\/wp-json\/wp\/v2\/posts\/65983","targetHints":{"allow":["GET"]}}],"collection":[{"href":"https:\/\/www.caririemacao.com\/1\/wp-json\/wp\/v2\/posts"}],"about":[{"href":"https:\/\/www.caririemacao.com\/1\/wp-json\/wp\/v2\/types\/post"}],"author":[{"embeddable":true,"href":"https:\/\/www.caririemacao.com\/1\/wp-json\/wp\/v2\/users\/1"}],"replies":[{"embeddable":true,"href":"https:\/\/www.caririemacao.com\/1\/wp-json\/wp\/v2\/comments?post=65983"}],"version-history":[{"count":1,"href":"https:\/\/www.caririemacao.com\/1\/wp-json\/wp\/v2\/posts\/65983\/revisions"}],"predecessor-version":[{"id":65985,"href":"https:\/\/www.caririemacao.com\/1\/wp-json\/wp\/v2\/posts\/65983\/revisions\/65985"}],"wp:featuredmedia":[{"embeddable":true,"href":"https:\/\/www.caririemacao.com\/1\/wp-json\/wp\/v2\/media\/65984"}],"wp:attachment":[{"href":"https:\/\/www.caririemacao.com\/1\/wp-json\/wp\/v2\/media?parent=65983"}],"wp:term":[{"taxonomy":"category","embeddable":true,"href":"https:\/\/www.caririemacao.com\/1\/wp-json\/wp\/v2\/categories?post=65983"},{"taxonomy":"post_tag","embeddable":true,"href":"https:\/\/www.caririemacao.com\/1\/wp-json\/wp\/v2\/tags?post=65983"}],"curies":[{"name":"wp","href":"https:\/\/api.w.org\/{rel}","templated":true}]}}