{"id":65991,"date":"2018-09-24T22:32:16","date_gmt":"2018-09-25T01:32:16","guid":{"rendered":"http:\/\/www.caririemacao.com\/1\/?p=65991"},"modified":"2018-09-24T22:32:16","modified_gmt":"2018-09-25T01:32:16","slug":"prefeitura-municipal-de-monteiro-realiza-quinta-cerimonia-de-posse-de-concursados","status":"publish","type":"post","link":"https:\/\/www.caririemacao.com\/1\/2018\/09\/24\/prefeitura-municipal-de-monteiro-realiza-quinta-cerimonia-de-posse-de-concursados\/","title":{"rendered":"Prefeitura Municipal de Monteiro realiza quinta cerim\u00f4nia de posse de concursados"},"content":{"rendered":"<p><img fetchpriority=\"high\" decoding=\"async\" class=\"size-medium wp-image-17342 alignright\" src=\"http:\/\/www.vitrinedocariri.com.br\/wp-content\/uploads\/2018\/07\/dsc_1575-300x200.jpg\" alt=\"\" width=\"300\" height=\"200\" \/>A Prefeitura Municipal realizar\u00e1 no pr\u00f3ximo dia 03 \u00e0s 10 horas no gabinete da prefeita a cerim\u00f4nia de posse para os novos concursados selecionados no concurso p\u00fablico de 2017. De acordo com a prefeita Anna Lorena, este momento continua a representa\u00e7\u00e3o do compromisso e a responsabilidade assumidos pela sua gest\u00e3o. \u201cEste \u00e9 o objetivo de nossa gest\u00e3o, priorizar os espa\u00e7os de novas oportunidades demonstrando a responsabilidade\u00a0com o poder p\u00fablico\u201d, comentou.<\/p>\n<p>Nesta oportunidade ser\u00e3o preenchidas as vagas de T\u00e9cnico Administrativo, Porteiro, Agente de Manuten\u00e7\u00e3o, T\u00e9cnico de Enfermagem, T\u00e9cnico de Radiologia, Bioqu\u00edmico, M\u00e9dico Cl\u00ednico Geral, Enfermeiro, Odont\u00f3logo e Assistente Social, contabilizando 14 novos funcion\u00e1rios.<\/p>\n<p>Para o secret\u00e1rio de administra\u00e7\u00e3o, Zilson Rom\u00e3o, a realiza\u00e7\u00e3o de mais uma convoca\u00e7\u00e3o e posse fortalece ainda mais o corpo de funcion\u00e1rios, bem como a qualidade dos servi\u00e7os aumentam sendo prestados da melhor forma a qual todos os monteirenses merecem.<\/p>\n<p>Ascom\/Monteiro<\/p>\n<p>Cariri em A\u00e7\u00e3o<\/p>\n<p>Leia mais not\u00edcias em\u00a0<a href=\"http:\/\/www.caririemacao.com\/\">caririemacao.com<\/a>, siga nossa p\u00e1gina no\u00a0<a href=\"https:\/\/www.facebook.com\/CaririEmAcao\/?ref=aymt_homepage_panel\">Facebook<\/a>,\u00a0<a href=\"https:\/\/www.instagram.com\/cariri_em_acao\/?hl=pt-br\">Instagram<\/a>\u00a0e\u00a0<a href=\"https:\/\/www.youtube.com\/channel\/UCAptA0jQuYQy8vMhLt2m4qg\">Youtube<\/a>\u00a0e veja nossas mat\u00e9rias, v\u00eddeos e fotos. Voc\u00ea tamb\u00e9m pode enviar informa\u00e7\u00f5es \u00e0 Reda\u00e7\u00e3o do Portal Cariri em A\u00e7\u00e3o pelo WhatsApp (83) 9 9634.5791, (83) 9 9601-1162.<\/p>\n","protected":false},"excerpt":{"rendered":"<p>A Prefeitura Municipal realizar\u00e1 no pr\u00f3ximo dia 03 \u00e0s 10 horas no gabinete da prefeita a cerim\u00f4nia de posse para os novos concursados selecionados no&hellip; <\/p>\n","protected":false},"author":1,"featured_media":16812,"comment_status":"closed","ping_status":"closed","sticky":false,"template":"","format":"standard","meta":{"sfsi_plus_gutenberg_text_before_share":"","sfsi_plus_gutenberg_show_text_before_share":"","sfsi_plus_gutenberg_icon_type":"","sfsi_plus_gutenberg_icon_alignemt":"","sfsi_plus_gutenburg_max_per_row":"","footnotes":""},"categories":[2],"tags":[],"class_list":["post-65991","post","type-post","status-publish","format-standard","has-post-thumbnail","hentry","category-geral"],"_links":{"self":[{"href":"https:\/\/www.caririemacao.com\/1\/wp-json\/wp\/v2\/posts\/65991","targetHints":{"allow":["GET"]}}],"collection":[{"href":"https:\/\/www.caririemacao.com\/1\/wp-json\/wp\/v2\/posts"}],"about":[{"href":"https:\/\/www.caririemacao.com\/1\/wp-json\/wp\/v2\/types\/post"}],"author":[{"embeddable":true,"href":"https:\/\/www.caririemacao.com\/1\/wp-json\/wp\/v2\/users\/1"}],"replies":[{"embeddable":true,"href":"https:\/\/www.caririemacao.com\/1\/wp-json\/wp\/v2\/comments?post=65991"}],"version-history":[{"count":1,"href":"https:\/\/www.caririemacao.com\/1\/wp-json\/wp\/v2\/posts\/65991\/revisions"}],"predecessor-version":[{"id":65992,"href":"https:\/\/www.caririemacao.com\/1\/wp-json\/wp\/v2\/posts\/65991\/revisions\/65992"}],"wp:featuredmedia":[{"embeddable":true,"href":"https:\/\/www.caririemacao.com\/1\/wp-json\/wp\/v2\/media\/16812"}],"wp:attachment":[{"href":"https:\/\/www.caririemacao.com\/1\/wp-json\/wp\/v2\/media?parent=65991"}],"wp:term":[{"taxonomy":"category","embeddable":true,"href":"https:\/\/www.caririemacao.com\/1\/wp-json\/wp\/v2\/categories?post=65991"},{"taxonomy":"post_tag","embeddable":true,"href":"https:\/\/www.caririemacao.com\/1\/wp-json\/wp\/v2\/tags?post=65991"}],"curies":[{"name":"wp","href":"https:\/\/api.w.org\/{rel}","templated":true}]}}