{"id":65996,"date":"2018-09-24T22:41:51","date_gmt":"2018-09-25T01:41:51","guid":{"rendered":"http:\/\/www.caririemacao.com\/1\/?p=65996"},"modified":"2018-09-24T22:41:51","modified_gmt":"2018-09-25T01:41:51","slug":"eleitor-pode-requerer-2a-via-de-titulo-ate-quinta","status":"publish","type":"post","link":"https:\/\/www.caririemacao.com\/1\/2018\/09\/24\/eleitor-pode-requerer-2a-via-de-titulo-ate-quinta\/","title":{"rendered":"Eleitor pode requerer 2\u00aa via de t\u00edtulo at\u00e9 quinta"},"content":{"rendered":"<p>Termina nesta quinta-feira (27) o prazo para o eleitor solicitar a segunda via do t\u00edtulo no cart\u00f3rio eleitoral da zona onde est\u00e1 cadastrado. O documento n\u00e3o \u00e9 o \u00fanico aceito no pleito de outubro e o eleitor pode se apresentar com outros, desde que seja oficial com foto, como a carteira de identidade, carteira de trabalho, carteira de motorista ou passaporte.<\/p>\n<p>Para solicitar a segunda via do t\u00edtulo, o eleitor deve estar em dia com a Justi\u00e7a Eleitoral, ou seja, n\u00e3o poder\u00e1 ter d\u00e9bitos pendentes, como multas por aus\u00eancia \u00e0s urnas ou aos trabalhos eleitorais, como o de mes\u00e1rio, ou ainda ter recebido multas em raz\u00e3o de viola\u00e7\u00e3o de dispositivos do C\u00f3digo Eleitoral (Lei 4.737\/1965), da Lei das Elei\u00e7\u00f5es (Lei 9.504\/1997) e leis conexas. Multas devem ser pagas por meio de Guia de Recolhimento da Uni\u00e3o (GRU) emitida pelo cart\u00f3rio eleitoral e podem variar de R$ 1 a R$ 35,14.<\/p>\n<p>T\u00edtulo digital<br \/>\nEleitores que estiverem com a situa\u00e7\u00e3o regular tamb\u00e9m podem optar pela vers\u00e3o digital do t\u00edtulo de eleitor que pode ser obtida gratuitamente por meio do aplicativo e-T\u00edtulo, dispon\u00edvel para smartphones gratuitamente nas lojas virtuais Apple Store e Google Play.<\/p>\n<p>O e-T\u00edtulo tamb\u00e9m serve como documento de identifica\u00e7\u00e3o do eleitor caso ele j\u00e1 tenha feito o recadastramento biom\u00e9trico. Isso porque a vers\u00e3o digital ser\u00e1 baixada com foto, o que dispensa a apresenta\u00e7\u00e3o de outro documento de identifica\u00e7\u00e3o no momento do voto.<\/p>\n<p>Pelo aplicativo \u00e9 poss\u00edvel saber o local de vota\u00e7\u00e3o e, por meio de ferramentas de geolocaliza\u00e7\u00e3o, at\u00e9 sua se\u00e7\u00e3o eleitoral. Al\u00e9m disso, ele tamb\u00e9m oferece servi\u00e7os como a emiss\u00e3o de certid\u00f5es de quita\u00e7\u00e3o eleitoral e negativa de crimes eleitorais.<\/p>\n<p>O local de vota\u00e7\u00e3o tamb\u00e9m pode ser conhecido com uma pesquisa simples no portal do TSE, por meio da se\u00e7\u00e3o Servi\u00e7os ao eleitor \u201cT\u00edtulo de eleitor\u201d, t\u00edtulo e local de vota\u00e7\u00e3o. A consulta pode ser feita pelo nome do eleitor ou n\u00famero do t\u00edtulo, data de nascimento e nome da m\u00e3e. Os eleitores que perderam o prazo final do alistamento, no dia 9 de maio, n\u00e3o poder\u00e3o votar nas Elei\u00e7\u00f5es de 2018. Essa foi a data limite para requererem inscri\u00e7\u00e3o eleitoral, transfer\u00eancia de domic\u00edlio, altera\u00e7\u00e3o de t\u00edtulo eleitoral ou transfer\u00eancia para se\u00e7\u00e3o eleitoral especial (eleitores com defici\u00eancia ou mobilidade reduzida).<\/p>\n<p><strong>Ag\u00eancia Brasil\u00a0<\/strong><\/p>\n<p>Cariri em A\u00e7\u00e3o<\/p>\n<p>Leia mais not\u00edcias em\u00a0<a href=\"http:\/\/www.caririemacao.com\/\">caririemacao.com<\/a>, siga nossa p\u00e1gina no\u00a0<a href=\"https:\/\/www.facebook.com\/CaririEmAcao\/?ref=aymt_homepage_panel\">Facebook<\/a>,\u00a0<a href=\"https:\/\/www.instagram.com\/cariri_em_acao\/?hl=pt-br\">Instagram<\/a>\u00a0e\u00a0<a href=\"https:\/\/www.youtube.com\/channel\/UCAptA0jQuYQy8vMhLt2m4qg\">Youtube<\/a>\u00a0e veja nossas mat\u00e9rias, v\u00eddeos e fotos. Voc\u00ea tamb\u00e9m pode enviar informa\u00e7\u00f5es \u00e0 Reda\u00e7\u00e3o do Portal Cariri em A\u00e7\u00e3o pelo WhatsApp (83) 9 9634.5791, (83) 9 9601-1162.<\/p>\n","protected":false},"excerpt":{"rendered":"<p>Termina nesta quinta-feira (27) o prazo para o eleitor solicitar a segunda via do t\u00edtulo no cart\u00f3rio eleitoral da zona onde est\u00e1 cadastrado. O documento&hellip; <\/p>\n","protected":false},"author":1,"featured_media":49773,"comment_status":"closed","ping_status":"closed","sticky":false,"template":"","format":"standard","meta":{"sfsi_plus_gutenberg_text_before_share":"","sfsi_plus_gutenberg_show_text_before_share":"","sfsi_plus_gutenberg_icon_type":"","sfsi_plus_gutenberg_icon_alignemt":"","sfsi_plus_gutenburg_max_per_row":"","footnotes":""},"categories":[11],"tags":[],"class_list":["post-65996","post","type-post","status-publish","format-standard","has-post-thumbnail","hentry","category-politica"],"_links":{"self":[{"href":"https:\/\/www.caririemacao.com\/1\/wp-json\/wp\/v2\/posts\/65996","targetHints":{"allow":["GET"]}}],"collection":[{"href":"https:\/\/www.caririemacao.com\/1\/wp-json\/wp\/v2\/posts"}],"about":[{"href":"https:\/\/www.caririemacao.com\/1\/wp-json\/wp\/v2\/types\/post"}],"author":[{"embeddable":true,"href":"https:\/\/www.caririemacao.com\/1\/wp-json\/wp\/v2\/users\/1"}],"replies":[{"embeddable":true,"href":"https:\/\/www.caririemacao.com\/1\/wp-json\/wp\/v2\/comments?post=65996"}],"version-history":[{"count":1,"href":"https:\/\/www.caririemacao.com\/1\/wp-json\/wp\/v2\/posts\/65996\/revisions"}],"predecessor-version":[{"id":65997,"href":"https:\/\/www.caririemacao.com\/1\/wp-json\/wp\/v2\/posts\/65996\/revisions\/65997"}],"wp:featuredmedia":[{"embeddable":true,"href":"https:\/\/www.caririemacao.com\/1\/wp-json\/wp\/v2\/media\/49773"}],"wp:attachment":[{"href":"https:\/\/www.caririemacao.com\/1\/wp-json\/wp\/v2\/media?parent=65996"}],"wp:term":[{"taxonomy":"category","embeddable":true,"href":"https:\/\/www.caririemacao.com\/1\/wp-json\/wp\/v2\/categories?post=65996"},{"taxonomy":"post_tag","embeddable":true,"href":"https:\/\/www.caririemacao.com\/1\/wp-json\/wp\/v2\/tags?post=65996"}],"curies":[{"name":"wp","href":"https:\/\/api.w.org\/{rel}","templated":true}]}}