{"id":66000,"date":"2018-09-24T23:43:07","date_gmt":"2018-09-25T02:43:07","guid":{"rendered":"http:\/\/www.caririemacao.com\/1\/?p=66000"},"modified":"2018-09-24T23:50:14","modified_gmt":"2018-09-25T02:50:14","slug":"prefeito-eden-duarte-realiza-primeira-caminhada-em-prol-da-campanha-dos-seus-candidatos","status":"publish","type":"post","link":"https:\/\/www.caririemacao.com\/1\/2018\/09\/24\/prefeito-eden-duarte-realiza-primeira-caminhada-em-prol-da-campanha-dos-seus-candidatos\/","title":{"rendered":"Prefeito \u00c9den Duarte realiza primeira caminhada em prol da campanha dos seus candidatos"},"content":{"rendered":"<p>A primeira caminhada em prol dos candidatos apoiados pelo grupo do prefeito \u00c9den Duarte foi realizada na noite desta segunda-feira (24), arrastando centenas de pessoas por diversas ruas dos bairros Renascer e Santa Rosa, no munic\u00edpio de Sum\u00e9.<\/p>\n<p><img fetchpriority=\"high\" decoding=\"async\" class=\"alignnone wp-image-66001 size-large\" src=\"http:\/\/www.caririemacao.com\/1\/wp-content\/uploads\/2018\/09\/DSC_0144-1024x683.jpg\" alt=\"\" width=\"800\" height=\"534\" srcset=\"https:\/\/www.caririemacao.com\/1\/wp-content\/uploads\/2018\/09\/DSC_0144.jpg 1024w, https:\/\/www.caririemacao.com\/1\/wp-content\/uploads\/2018\/09\/DSC_0144-300x200.jpg 300w, https:\/\/www.caririemacao.com\/1\/wp-content\/uploads\/2018\/09\/DSC_0144-768x512.jpg 768w\" sizes=\"(max-width: 800px) 100vw, 800px\" \/><\/p>\n<p>\u00c0 frente, o prefeito \u00c9den Duarte foi recebido de bra\u00e7os abertos pelos moradores dos bairros, fortalecendo e aumentando a caminhada rumo \u00e0 vit\u00f3ria dos candidatos a governador da Para\u00edba, Jo\u00e3o Azevedo, dos candidatos ao Senado Federal, Luiz Couto e Veneziano, dos candidatos a deputado estadual e federal, Branco Mendes e Wellington Roberto, respectivamente.<\/p>\n<p><img decoding=\"async\" class=\"alignnone wp-image-66007 size-large lazyload\" data-src=\"http:\/\/www.caririemacao.com\/1\/wp-content\/uploads\/2018\/09\/DSC_0166-1-1024x683.jpg\" alt=\"\" width=\"800\" height=\"534\" data-srcset=\"https:\/\/www.caririemacao.com\/1\/wp-content\/uploads\/2018\/09\/DSC_0166-1.jpg 1024w, https:\/\/www.caririemacao.com\/1\/wp-content\/uploads\/2018\/09\/DSC_0166-1-300x200.jpg 300w, https:\/\/www.caririemacao.com\/1\/wp-content\/uploads\/2018\/09\/DSC_0166-1-768x512.jpg 768w\" data-sizes=\"(max-width: 800px) 100vw, 800px\" src=\"data:image\/svg+xml;base64,PHN2ZyB3aWR0aD0iMSIgaGVpZ2h0PSIxIiB4bWxucz0iaHR0cDovL3d3dy53My5vcmcvMjAwMC9zdmciPjwvc3ZnPg==\" style=\"--smush-placeholder-width: 800px; --smush-placeholder-aspect-ratio: 800\/534;\" \/><\/p>\n<p>Segundo \u00c9den, as caminhadas ser\u00e3o realizadas em toda cidade e visitas na zona rural est\u00e3o sendo marcada para que a popula\u00e7\u00e3o conhe\u00e7am as propostas de seus candidatos.<\/p>\n<p><img decoding=\"async\" class=\"alignnone wp-image-66010 size-large lazyload\" data-src=\"http:\/\/www.caririemacao.com\/1\/wp-content\/uploads\/2018\/09\/DSC_0207-1024x683.jpg\" alt=\"\" width=\"800\" height=\"534\" data-srcset=\"https:\/\/www.caririemacao.com\/1\/wp-content\/uploads\/2018\/09\/DSC_0207.jpg 1024w, https:\/\/www.caririemacao.com\/1\/wp-content\/uploads\/2018\/09\/DSC_0207-300x200.jpg 300w, https:\/\/www.caririemacao.com\/1\/wp-content\/uploads\/2018\/09\/DSC_0207-768x512.jpg 768w\" data-sizes=\"(max-width: 800px) 100vw, 800px\" src=\"data:image\/svg+xml;base64,PHN2ZyB3aWR0aD0iMSIgaGVpZ2h0PSIxIiB4bWxucz0iaHR0cDovL3d3dy53My5vcmcvMjAwMC9zdmciPjwvc3ZnPg==\" style=\"--smush-placeholder-width: 800px; --smush-placeholder-aspect-ratio: 800\/534;\" \/><\/p>\n<p>\u201cFiquei muito feliz com a receptividade e carinho dos moradores do Renascer e Santa Rosa comigo.\u00a0 Agrade\u00e7o a todos que compareceram a nossa caminhada, foi muito bom ver a energia, alegria e anima\u00e7\u00e3o de cada um. Sigamos juntos \u00e0 vit\u00f3ria\u201d, ressaltou.<\/p>\n<p><a href=\"https:\/\/www.facebook.com\/pg\/CaririEmAcao\/photos\/?tab=album&amp;album_id=1369457653190254\"><strong>VEJA FOTOS DO ATO POL\u00cdTICO (CAMINHADA)<\/strong><\/a><\/p>\n","protected":false},"excerpt":{"rendered":"<p>A primeira caminhada em prol dos candidatos apoiados pelo grupo do prefeito \u00c9den Duarte foi realizada na noite desta segunda-feira (24), arrastando centenas de pessoas&hellip; <\/p>\n","protected":false},"author":2,"featured_media":66008,"comment_status":"closed","ping_status":"closed","sticky":false,"template":"","format":"standard","meta":{"sfsi_plus_gutenberg_text_before_share":"","sfsi_plus_gutenberg_show_text_before_share":"","sfsi_plus_gutenberg_icon_type":"","sfsi_plus_gutenberg_icon_alignemt":"","sfsi_plus_gutenburg_max_per_row":"","footnotes":""},"categories":[2],"tags":[],"class_list":["post-66000","post","type-post","status-publish","format-standard","has-post-thumbnail","hentry","category-geral"],"_links":{"self":[{"href":"https:\/\/www.caririemacao.com\/1\/wp-json\/wp\/v2\/posts\/66000","targetHints":{"allow":["GET"]}}],"collection":[{"href":"https:\/\/www.caririemacao.com\/1\/wp-json\/wp\/v2\/posts"}],"about":[{"href":"https:\/\/www.caririemacao.com\/1\/wp-json\/wp\/v2\/types\/post"}],"author":[{"embeddable":true,"href":"https:\/\/www.caririemacao.com\/1\/wp-json\/wp\/v2\/users\/2"}],"replies":[{"embeddable":true,"href":"https:\/\/www.caririemacao.com\/1\/wp-json\/wp\/v2\/comments?post=66000"}],"version-history":[{"count":2,"href":"https:\/\/www.caririemacao.com\/1\/wp-json\/wp\/v2\/posts\/66000\/revisions"}],"predecessor-version":[{"id":66015,"href":"https:\/\/www.caririemacao.com\/1\/wp-json\/wp\/v2\/posts\/66000\/revisions\/66015"}],"wp:featuredmedia":[{"embeddable":true,"href":"https:\/\/www.caririemacao.com\/1\/wp-json\/wp\/v2\/media\/66008"}],"wp:attachment":[{"href":"https:\/\/www.caririemacao.com\/1\/wp-json\/wp\/v2\/media?parent=66000"}],"wp:term":[{"taxonomy":"category","embeddable":true,"href":"https:\/\/www.caririemacao.com\/1\/wp-json\/wp\/v2\/categories?post=66000"},{"taxonomy":"post_tag","embeddable":true,"href":"https:\/\/www.caririemacao.com\/1\/wp-json\/wp\/v2\/tags?post=66000"}],"curies":[{"name":"wp","href":"https:\/\/api.w.org\/{rel}","templated":true}]}}