{"id":66019,"date":"2018-09-25T08:17:03","date_gmt":"2018-09-25T11:17:03","guid":{"rendered":"http:\/\/www.caririemacao.com\/1\/?p=66019"},"modified":"2018-09-25T08:17:03","modified_gmt":"2018-09-25T11:17:03","slug":"folha-faz-materia-preconceituosa-sobre-eleitor-nordestino-mais-uma-vez","status":"publish","type":"post","link":"https:\/\/www.caririemacao.com\/1\/2018\/09\/25\/folha-faz-materia-preconceituosa-sobre-eleitor-nordestino-mais-uma-vez\/","title":{"rendered":"FOLHA FAZ MAT\u00c9RIA PRECONCEITUOSA SOBRE ELEITOR NORDESTINO MAIS UMA VEZ"},"content":{"rendered":"<p>Com o crescimento acelerado de Fernando Haddad no nordeste a imprensa paulista escancara todo o seu preconceito e rotula nordestinos. Para o jornal Folha de S. Paulo, o nordestino n\u00e3o sabe pronunciar o nome de Haddad, chamando-o de \u2018Adraike\u2019, \u2018Radarde\u2019 ou \u2018Alade\u2019. Desrespeitando e mesmo desconhecendo as variantes fonol\u00f3gicas do portugu\u00eas brasileiro, o jornal da fam\u00edlia Frias mergulha sua linha editorial na obscuridade rasa da ignor\u00e2ncia que criminaliza a democracia no Brasil.<\/p>\n<p>A mat\u00e9ria assinada pelo jornalista Jo\u00e3o Valadares, \u00e9 um amontoado de preconceitos expl\u00edcitos de toda a ordem. Ela come\u00e7a questionando a descoberta pelo eleitor da regi\u00e3o do candidato que \u00e9 o indicado por Lula, atrav\u00e9s da fala de um eleitor ap\u00f3s ser interpelado \u2013 sem contexto \u2013 pelo jornal:<\/p>\n<p>\u201c\u2018N\u00e3o sei o nome n\u00e3o, mas estou grudado em quem Lula mandar. Ele \u00e9 o filho de Lula, n\u00e9? Escutei dizer que era\u2019, pergunta o aposentado Jos\u00e9 Paulino Filho, 75, ap\u00f3s ser informado pelo rep\u00f3rter que\u00a0Fernando Haddad (PT)\u00a0\u00e9 o substituto do l\u00edder petista na disputa \u00e0 Presid\u00eancia\u201d.<\/p>\n<p>A reportagem segue desqualificando o crescimento de Haddad na regi\u00e3o: \u201cem Solid\u00e3o, Quixaba e Calumbi, tr\u00eas cidades do sert\u00e3o pernambucano onde, em 2006, Lula teve \u00edndice de vota\u00e7\u00e3o em torno de 90%, Haddad \u00e9 um n\u00famero\u201d.<\/p>\n<p>E, finalmente, desfila o mais absurdo preconceito lingu\u00edstico que um jornal de circula\u00e7\u00e3o nacional poderia fazer em plena elei\u00e7\u00e3o e em plena crise de valores in\u00e9dita que insiste em dividir o Brasil: \u201centre os mais pobres, faixa que representa a base do eleitorado lulista, onde o petista mais cresceu segundo as \u00faltimas pesquisas, uma minoria sabe o primeiro nome. O sobrenome dif\u00edcil, \u201cque a l\u00edngua n\u00e3o consegue dizer\u201d, ganha varia\u00e7\u00f5es: Adraike, Adauto, Andrade, Alade e Radarde\u201d.<\/p>\n<p>Camala\u00fa Not\u00edcias<\/p>\n<p>Cariri em A\u00e7\u00e3o<\/p>\n<p>Leia mais not\u00edcias em\u00a0<a href=\"http:\/\/www.caririemacao.com\/\">caririemacao.com<\/a>, siga nossa p\u00e1gina no\u00a0<a href=\"https:\/\/www.facebook.com\/CaririEmAcao\/?ref=aymt_homepage_panel\">Facebook<\/a>,\u00a0<a href=\"https:\/\/www.instagram.com\/cariri_em_acao\/?hl=pt-br\">Instagram<\/a>\u00a0e\u00a0<a href=\"https:\/\/www.youtube.com\/channel\/UCAptA0jQuYQy8vMhLt2m4qg\">Youtube<\/a>\u00a0e veja nossas mat\u00e9rias, v\u00eddeos e fotos. Voc\u00ea tamb\u00e9m pode enviar informa\u00e7\u00f5es \u00e0 Reda\u00e7\u00e3o do Portal Cariri em A\u00e7\u00e3o pelo WhatsApp (83) 9 9634.5791, (83) 9 9601-1162.<\/p>\n","protected":false},"excerpt":{"rendered":"<p>Com o crescimento acelerado de Fernando Haddad no nordeste a imprensa paulista escancara todo o seu preconceito e rotula nordestinos. Para o jornal Folha de&hellip; <\/p>\n","protected":false},"author":1,"featured_media":66020,"comment_status":"closed","ping_status":"closed","sticky":false,"template":"","format":"standard","meta":{"sfsi_plus_gutenberg_text_before_share":"","sfsi_plus_gutenberg_show_text_before_share":"","sfsi_plus_gutenberg_icon_type":"","sfsi_plus_gutenberg_icon_alignemt":"","sfsi_plus_gutenburg_max_per_row":"","footnotes":""},"categories":[2],"tags":[],"class_list":["post-66019","post","type-post","status-publish","format-standard","has-post-thumbnail","hentry","category-geral"],"_links":{"self":[{"href":"https:\/\/www.caririemacao.com\/1\/wp-json\/wp\/v2\/posts\/66019","targetHints":{"allow":["GET"]}}],"collection":[{"href":"https:\/\/www.caririemacao.com\/1\/wp-json\/wp\/v2\/posts"}],"about":[{"href":"https:\/\/www.caririemacao.com\/1\/wp-json\/wp\/v2\/types\/post"}],"author":[{"embeddable":true,"href":"https:\/\/www.caririemacao.com\/1\/wp-json\/wp\/v2\/users\/1"}],"replies":[{"embeddable":true,"href":"https:\/\/www.caririemacao.com\/1\/wp-json\/wp\/v2\/comments?post=66019"}],"version-history":[{"count":1,"href":"https:\/\/www.caririemacao.com\/1\/wp-json\/wp\/v2\/posts\/66019\/revisions"}],"predecessor-version":[{"id":66021,"href":"https:\/\/www.caririemacao.com\/1\/wp-json\/wp\/v2\/posts\/66019\/revisions\/66021"}],"wp:featuredmedia":[{"embeddable":true,"href":"https:\/\/www.caririemacao.com\/1\/wp-json\/wp\/v2\/media\/66020"}],"wp:attachment":[{"href":"https:\/\/www.caririemacao.com\/1\/wp-json\/wp\/v2\/media?parent=66019"}],"wp:term":[{"taxonomy":"category","embeddable":true,"href":"https:\/\/www.caririemacao.com\/1\/wp-json\/wp\/v2\/categories?post=66019"},{"taxonomy":"post_tag","embeddable":true,"href":"https:\/\/www.caririemacao.com\/1\/wp-json\/wp\/v2\/tags?post=66019"}],"curies":[{"name":"wp","href":"https:\/\/api.w.org\/{rel}","templated":true}]}}